{"id":7891,"date":"2011-07-21T22:46:45","date_gmt":"2011-07-21T20:46:45","guid":{"rendered":"http:\/\/www.sv-constantin-herne.de\/?p=7891"},"modified":"2021-12-30T19:39:54","modified_gmt":"2021-12-30T17:39:54","slug":"ein-und-ausblick-auf-die-neue-saison","status":"publish","type":"post","link":"https:\/\/www.sv-zeppelin.de\/?p=7891","title":{"rendered":"Ein- und Ausblick auf die neue Saison"},"content":{"rendered":"<p style=\"margin-bottom: 0cm;\">Am heutigen Donnerstagabend fand die j\u00e4hrliche Spielleiterversammlung im Haus Zoranski <a href=\"strozewski.jpg\" rel=\"lightbox[6228]\"><img loading=\"lazy\" decoding=\"async\" src=\"wp-content\/uploads\/strozewski_thumb.jpg\" alt=\"\" width=\"200\" height=\"150\" align=\"right\" hspace=\"3\" vspace=\"3\" \/><\/a>in Erkenschwick statt.<br \/>\nStaffelleiter Frank Strozewski f\u00fchrte souver\u00e4n durch das Programm und ging gezielt auf die Sonderw\u00fcnsche der vollz\u00e4hlig vertretenen Teilnehmer aus dem Herner und Vestischen Kreis ein.<br \/>\nDie \u00dcberschrift k\u00f6nnte lauten: Die W\u00fcrfel sind gefallen! (Frei nach Lucas Podolski, der Schach mit einem W\u00fcrfelspiel verglich. Oder f\u00fcr den gebildeten User: Julius C\u00e4sar-als er den Rubikon \u00fcberschritt!)<\/p>\n<p>Das Ziel der 1. Mannschaft kann nur der sofortige Wiederaufstieg sein, zumal wir uns mit Michael Schatte (Neuzugang) und Rainer Kanacher (Rekonvaleszent) deutlich st\u00e4rker aufgestellt haben als im letzten Jahr. Au\u00dferdem k\u00f6nnen wir diesmal auf eine verl\u00e4ssliche Ersatzbank zur\u00fcckgreifen. Gleich in den ersten beiden Runden treffen wir auf die vermeintlich st\u00e4rksten Konkurrenten. Sp\u00e4testens danach wissen wir, wo wir stehen.<br \/>\nDie 2. Mannschaft d\u00fcrfte k\u00fcnftig zumindest ihren 3. Platz vom Vorjahr best\u00e4tigen. Vielleicht ist ja noch mehr drin. Dazu bedarf es aber einer Quantit\u00e4tssteigerung unserer Mitglieder.<br \/>\nDie Mannschaftsaufstellungen und Termine sowie Paarungen k\u00f6nnen auf\u00a0 der Men\u00fcleiste eingesehen werden.<strong><br \/>\nAchtung: Der 1. Meisterschaftskampf gegen SV Castrop-Rauxel 3 wurde mit freundlicher Genehmigung von Uwe Gr\u00e4be und Frank Strozewski auf den 30. 10. 2011 verschoben!!!<\/strong><\/p>\n","protected":false},"excerpt":{"rendered":"<p>Am heutigen Donnerstagabend fand die j\u00e4hrliche Spielleiterversammlung im Haus Zoranski in Erkenschwick statt. Staffelleiter Frank Strozewski f\u00fchrte souver\u00e4n durch das Programm und ging gezielt auf die Sonderw\u00fcnsche der vollz\u00e4hlig vertretenen Teilnehmer aus dem Herner&#46;&#46;&#46;<\/p>\n","protected":false},"author":3,"featured_media":29242,"comment_status":"open","ping_status":"open","sticky":false,"template":"","format":"standard","meta":{"footnotes":""},"categories":[1],"tags":[],"class_list":["post-7891","post","type-post","status-publish","format-standard","has-post-thumbnail","hentry","category-allgemein"],"_links":{"self":[{"href":"https:\/\/www.sv-zeppelin.de\/index.php?rest_route=\/wp\/v2\/posts\/7891","targetHints":{"allow":["GET"]}}],"collection":[{"href":"https:\/\/www.sv-zeppelin.de\/index.php?rest_route=\/wp\/v2\/posts"}],"about":[{"href":"https:\/\/www.sv-zeppelin.de\/index.php?rest_route=\/wp\/v2\/types\/post"}],"author":[{"embeddable":true,"href":"https:\/\/www.sv-zeppelin.de\/index.php?rest_route=\/wp\/v2\/users\/3"}],"replies":[{"embeddable":true,"href":"https:\/\/www.sv-zeppelin.de\/index.php?rest_route=%2Fwp%2Fv2%2Fcomments&post=7891"}],"version-history":[{"count":0,"href":"https:\/\/www.sv-zeppelin.de\/index.php?rest_route=\/wp\/v2\/posts\/7891\/revisions"}],"wp:featuredmedia":[{"embeddable":true,"href":"https:\/\/www.sv-zeppelin.de\/index.php?rest_route=\/wp\/v2\/media\/29242"}],"wp:attachment":[{"href":"https:\/\/www.sv-zeppelin.de\/index.php?rest_route=%2Fwp%2Fv2%2Fmedia&parent=7891"}],"wp:term":[{"taxonomy":"category","embeddable":true,"href":"https:\/\/www.sv-zeppelin.de\/index.php?rest_route=%2Fwp%2Fv2%2Fcategories&post=7891"},{"taxonomy":"post_tag","embeddable":true,"href":"https:\/\/www.sv-zeppelin.de\/index.php?rest_route=%2Fwp%2Fv2%2Ftags&post=7891"}],"curies":[{"name":"wp","href":"https:\/\/api.w.org\/{rel}","templated":true}]}}