{"id":7810,"date":"2011-07-02T15:28:56","date_gmt":"2011-07-02T13:28:56","guid":{"rendered":"http:\/\/www.sv-constantin-herne.de\/?p=7810"},"modified":"2021-12-30T20:59:23","modified_gmt":"2021-12-30T18:59:23","slug":"pokal-2011-3","status":"publish","type":"post","link":"https:\/\/www.sv-zeppelin.de\/?p=7810","title":{"rendered":"Pokal &#8211; 2011"},"content":{"rendered":"<p>In der 2.- bzw. Zwischenrunde um den Vereinspokal des SV Constantin Herne lieferten sich J\u00fcrgen <img loading=\"lazy\" decoding=\"async\" class=\"alignleft size-full wp-image-29249\" src=\"https:\/\/www.sv-zeppelin.de\/wp-content\/uploads\/2011\/07\/la.jpg\" alt=\"\" width=\"113\" height=\"163\" \/>Labinski und Udo Qu\u00e4schling lange Zeit ein Duell auf Augenh\u00f6he. Udo hatte sogar leichte Vorteile. Seinen Katastrophenzug f<sub>6<\/sub> im 27. wird er sich wohl selbst nicht verzeihen.<br \/>\n<a href=\"http:\/\/www.sv-constantin-herne.de\/labinski-quaeschling\/dgt_chesstheatre.htm\">J\u00fcrgen Labinski &#8211; Udo Qu\u00e4schling 1:0<\/a><\/p>\n<p>Damit stehen die Halbfinalpaarungen fest, die auf der Men\u00fcleiste eingesehen werden k\u00f6nnen.<br \/>\nJ\u00fcrgen Labinski (Foto) wird versuchen, dem Favoriten und amtierenden Vereinsmeister ein Beinchen zu stellen. In der Partie zwischen Spielleiter und &#8222;<a href=\"http:\/\/www.sv-constantin-herne.de\/?p=6024\" target=\"_blank\" rel=\"noopener\">Fr\u00fchst\u00fccksdirektor<\/a>&#8220; entscheidet vermutlich die Tagesform.<\/p>\n","protected":false},"excerpt":{"rendered":"<p>In der 2.- bzw. Zwischenrunde um den Vereinspokal des SV Constantin Herne lieferten sich J\u00fcrgen Labinski und Udo Qu\u00e4schling lange Zeit ein Duell auf Augenh\u00f6he. Udo hatte sogar leichte Vorteile. Seinen Katastrophenzug f6 im&#46;&#46;&#46;<\/p>\n","protected":false},"author":3,"featured_media":29249,"comment_status":"open","ping_status":"open","sticky":false,"template":"","format":"standard","meta":{"footnotes":""},"categories":[13],"tags":[],"class_list":["post-7810","post","type-post","status-publish","format-standard","has-post-thumbnail","hentry","category-pokal"],"_links":{"self":[{"href":"https:\/\/www.sv-zeppelin.de\/index.php?rest_route=\/wp\/v2\/posts\/7810","targetHints":{"allow":["GET"]}}],"collection":[{"href":"https:\/\/www.sv-zeppelin.de\/index.php?rest_route=\/wp\/v2\/posts"}],"about":[{"href":"https:\/\/www.sv-zeppelin.de\/index.php?rest_route=\/wp\/v2\/types\/post"}],"author":[{"embeddable":true,"href":"https:\/\/www.sv-zeppelin.de\/index.php?rest_route=\/wp\/v2\/users\/3"}],"replies":[{"embeddable":true,"href":"https:\/\/www.sv-zeppelin.de\/index.php?rest_route=%2Fwp%2Fv2%2Fcomments&post=7810"}],"version-history":[{"count":0,"href":"https:\/\/www.sv-zeppelin.de\/index.php?rest_route=\/wp\/v2\/posts\/7810\/revisions"}],"wp:featuredmedia":[{"embeddable":true,"href":"https:\/\/www.sv-zeppelin.de\/index.php?rest_route=\/wp\/v2\/media\/29249"}],"wp:attachment":[{"href":"https:\/\/www.sv-zeppelin.de\/index.php?rest_route=%2Fwp%2Fv2%2Fmedia&parent=7810"}],"wp:term":[{"taxonomy":"category","embeddable":true,"href":"https:\/\/www.sv-zeppelin.de\/index.php?rest_route=%2Fwp%2Fv2%2Fcategories&post=7810"},{"taxonomy":"post_tag","embeddable":true,"href":"https:\/\/www.sv-zeppelin.de\/index.php?rest_route=%2Fwp%2Fv2%2Ftags&post=7810"}],"curies":[{"name":"wp","href":"https:\/\/api.w.org\/{rel}","templated":true}]}}