{"id":7760,"date":"2011-06-23T09:18:01","date_gmt":"2011-06-23T07:18:01","guid":{"rendered":"http:\/\/www.sv-constantin-herne.de\/?p=7760"},"modified":"2021-12-30T21:03:26","modified_gmt":"2021-12-30T19:03:26","slug":"2-unser-fritz-open-mit-andreas-przystaw","status":"publish","type":"post","link":"https:\/\/www.sv-zeppelin.de\/?p=7760","title":{"rendered":"2. &#8222;Unser-Fritz&#8220;-Open mit Andreas Przystaw"},"content":{"rendered":"<div class=\"text\">\n<p><strong><span style=\"font-size: 16px;\">22. bis 26.06.2011<\/span><\/strong><br \/>\nDas 2. Unser-Fritz-Open hat mit 84 Teilnehmern begonnen und damit seine Teilnehmerzahlen <img loading=\"lazy\" decoding=\"async\" class=\"alignright size-medium wp-image-29255\" src=\"https:\/\/www.sv-zeppelin.de\/wp-content\/uploads\/2011\/06\/phu-300x225.jpg\" alt=\"\" width=\"300\" height=\"225\" srcset=\"https:\/\/www.sv-zeppelin.de\/wp-content\/uploads\/2011\/06\/phu-300x225.jpg 300w, https:\/\/www.sv-zeppelin.de\/wp-content\/uploads\/2011\/06\/phu-600x450.jpg 600w, https:\/\/www.sv-zeppelin.de\/wp-content\/uploads\/2011\/06\/phu-768x576.jpg 768w, https:\/\/www.sv-zeppelin.de\/wp-content\/uploads\/2011\/06\/phu-720x540.jpg 720w, https:\/\/www.sv-zeppelin.de\/wp-content\/uploads\/2011\/06\/phu-520x390.jpg 520w, https:\/\/www.sv-zeppelin.de\/wp-content\/uploads\/2011\/06\/phu-320x240.jpg 320w, https:\/\/www.sv-zeppelin.de\/wp-content\/uploads\/2011\/06\/phu.jpg 813w\" sizes=\"auto, (max-width: 300px) 100vw, 300px\" \/>gegen\u00fcber dem Vorjahr fast verdoppelt. Zwar fehlen die Grio\u00df- und Internationalen Meister, daf\u00fcr ist das Turnier in der Spitze gleichm\u00e4\u00dfig besetzt. Erfreulich die Anzahl der Kinder und Jugendlichen, die bei moderatem Startgeld zahlreich vertreten sind. Das Open wird \u00fcber 7 Runden gespielt und ist am Sonntag zu Ende.<br \/>\nAusrichter ist der <a href=\"http:\/\/www.sv-unser-fritz.de\/\" target=\"_blank\" rel=\"noopener\">Schachverein &#8222;Unser Fritz&#8220; Wanne-Eickel 1955 e.V.<\/a> , der mitgliederst\u00e4rkste Verein in Herne. Das Open wird DWZ und ELO ausgewertet.<\/p>\n<p><a href=\"http:\/\/www.chess-international.de\/2unser_fritz_open2011\/index.html\" target=\"_blank\" rel=\"noopener\">Turnierseite<\/a><\/p>\n<\/div>\n","protected":false},"excerpt":{"rendered":"<p>22. bis 26.06.2011 Das 2. Unser-Fritz-Open hat mit 84 Teilnehmern begonnen und damit seine Teilnehmerzahlen gegen\u00fcber dem Vorjahr fast verdoppelt. Zwar fehlen die Grio\u00df- und Internationalen Meister, daf\u00fcr ist das Turnier in der Spitze&#46;&#46;&#46;<\/p>\n","protected":false},"author":3,"featured_media":29255,"comment_status":"open","ping_status":"open","sticky":false,"template":"","format":"standard","meta":{"footnotes":""},"categories":[16],"tags":[],"class_list":["post-7760","post","type-post","status-publish","format-standard","has-post-thumbnail","hentry","category-open"],"_links":{"self":[{"href":"https:\/\/www.sv-zeppelin.de\/index.php?rest_route=\/wp\/v2\/posts\/7760","targetHints":{"allow":["GET"]}}],"collection":[{"href":"https:\/\/www.sv-zeppelin.de\/index.php?rest_route=\/wp\/v2\/posts"}],"about":[{"href":"https:\/\/www.sv-zeppelin.de\/index.php?rest_route=\/wp\/v2\/types\/post"}],"author":[{"embeddable":true,"href":"https:\/\/www.sv-zeppelin.de\/index.php?rest_route=\/wp\/v2\/users\/3"}],"replies":[{"embeddable":true,"href":"https:\/\/www.sv-zeppelin.de\/index.php?rest_route=%2Fwp%2Fv2%2Fcomments&post=7760"}],"version-history":[{"count":0,"href":"https:\/\/www.sv-zeppelin.de\/index.php?rest_route=\/wp\/v2\/posts\/7760\/revisions"}],"wp:featuredmedia":[{"embeddable":true,"href":"https:\/\/www.sv-zeppelin.de\/index.php?rest_route=\/wp\/v2\/media\/29255"}],"wp:attachment":[{"href":"https:\/\/www.sv-zeppelin.de\/index.php?rest_route=%2Fwp%2Fv2%2Fmedia&parent=7760"}],"wp:term":[{"taxonomy":"category","embeddable":true,"href":"https:\/\/www.sv-zeppelin.de\/index.php?rest_route=%2Fwp%2Fv2%2Fcategories&post=7760"},{"taxonomy":"post_tag","embeddable":true,"href":"https:\/\/www.sv-zeppelin.de\/index.php?rest_route=%2Fwp%2Fv2%2Ftags&post=7760"}],"curies":[{"name":"wp","href":"https:\/\/api.w.org\/{rel}","templated":true}]}}