{"id":32813,"date":"2023-07-15T14:34:24","date_gmt":"2023-07-15T12:34:24","guid":{"rendered":"https:\/\/www.sv-zeppelin.de\/?p=32813"},"modified":"2023-07-22T11:11:09","modified_gmt":"2023-07-22T09:11:09","slug":"einladung-zur-jahreshauptversammlung-des-sv-zeppelin-herne-e-v","status":"publish","type":"post","link":"https:\/\/www.sv-zeppelin.de\/?p=32813","title":{"rendered":"Einladung zur Jahreshauptversammlung des SV Zeppelin Herne e. V."},"content":{"rendered":"<p>Reiner Heard l\u00e4dt ein:<\/p>\n<div id=\"attachment_32859\" style=\"width: 310px\" class=\"wp-caption alignright\"><a href=\"https:\/\/www.sv-zeppelin.de\/wp-content\/uploads\/2023\/07\/dascha.jpg\"><img loading=\"lazy\" decoding=\"async\" aria-describedby=\"caption-attachment-32859\" class=\"size-thumbnail wp-image-32859\" src=\"https:\/\/www.sv-zeppelin.de\/wp-content\/uploads\/2023\/07\/dascha-300x300.jpg\" alt=\"\" width=\"300\" height=\"300\" srcset=\"https:\/\/www.sv-zeppelin.de\/wp-content\/uploads\/2023\/07\/dascha-300x300.jpg 300w, https:\/\/www.sv-zeppelin.de\/wp-content\/uploads\/2023\/07\/dascha-80x80.jpg 80w, https:\/\/www.sv-zeppelin.de\/wp-content\/uploads\/2023\/07\/dascha-320x320.jpg 320w\" sizes=\"auto, (max-width: 300px) 100vw, 300px\" \/><\/a><p id=\"caption-attachment-32859\" class=\"wp-caption-text\">Dascha er\u00f6ffnet russisch<\/p><\/div>\n<p>Wann: Freitag, 4. August 2023<\/p>\n<p>Wo: im Spielezentrum H2\u00d6, H\u00f6lkeskampring 2, 44625 Herne<\/p>\n<p>Beginn:\u00a0 \u00a019:00 Uhr<\/p>\n<p>Tagesordnung<\/p>\n<p>Top 01\u00a0 \u00a0 \u00a0 Begr\u00fc\u00dfung, Festlegung der Tagesordnung<\/p>\n<p>Top 2\u00a0 \u00a0 \u00a0 \u00a0 Bericht des Vorstandes und Aussprache<\/p>\n<p>Top 3\u00a0 \u00a0 \u00a0 \u00a0 Bericht der Kassenpr\u00fcfer und Aussprache<\/p>\n<p>Top 4\u00a0 \u00a0 \u00a0 \u00a0 Entlastung des Vorstandes<\/p>\n<p>Top 5\u00a0 \u00a0 \u00a0 \u00a0 Antr\u00e4ge<\/p>\n<p>Top 6\u00a0 \u00a0 \u00a0 \u00a0 Verschiedenes (u. a. Mannschaftsaufstellung)<\/p>\n<p>Um zahlreiche Teilnahme wird gebeten!!<\/p>\n","protected":false},"excerpt":{"rendered":"<p>Reiner Heard l\u00e4dt ein: Wann: Freitag, 4. August 2023 Wo: im Spielezentrum H2\u00d6, H\u00f6lkeskampring 2, 44625 Herne Beginn:\u00a0 \u00a019:00 Uhr Tagesordnung Top 01\u00a0 \u00a0 \u00a0 Begr\u00fc\u00dfung, Festlegung der Tagesordnung Top 2\u00a0 \u00a0 \u00a0 \u00a0&#46;&#46;&#46;<\/p>\n","protected":false},"author":3,"featured_media":32387,"comment_status":"open","ping_status":"closed","sticky":false,"template":"","format":"standard","meta":{"footnotes":""},"categories":[1],"tags":[],"class_list":["post-32813","post","type-post","status-publish","format-standard","has-post-thumbnail","hentry","category-allgemein"],"_links":{"self":[{"href":"https:\/\/www.sv-zeppelin.de\/index.php?rest_route=\/wp\/v2\/posts\/32813","targetHints":{"allow":["GET"]}}],"collection":[{"href":"https:\/\/www.sv-zeppelin.de\/index.php?rest_route=\/wp\/v2\/posts"}],"about":[{"href":"https:\/\/www.sv-zeppelin.de\/index.php?rest_route=\/wp\/v2\/types\/post"}],"author":[{"embeddable":true,"href":"https:\/\/www.sv-zeppelin.de\/index.php?rest_route=\/wp\/v2\/users\/3"}],"replies":[{"embeddable":true,"href":"https:\/\/www.sv-zeppelin.de\/index.php?rest_route=%2Fwp%2Fv2%2Fcomments&post=32813"}],"version-history":[{"count":7,"href":"https:\/\/www.sv-zeppelin.de\/index.php?rest_route=\/wp\/v2\/posts\/32813\/revisions"}],"predecessor-version":[{"id":32863,"href":"https:\/\/www.sv-zeppelin.de\/index.php?rest_route=\/wp\/v2\/posts\/32813\/revisions\/32863"}],"wp:featuredmedia":[{"embeddable":true,"href":"https:\/\/www.sv-zeppelin.de\/index.php?rest_route=\/wp\/v2\/media\/32387"}],"wp:attachment":[{"href":"https:\/\/www.sv-zeppelin.de\/index.php?rest_route=%2Fwp%2Fv2%2Fmedia&parent=32813"}],"wp:term":[{"taxonomy":"category","embeddable":true,"href":"https:\/\/www.sv-zeppelin.de\/index.php?rest_route=%2Fwp%2Fv2%2Fcategories&post=32813"},{"taxonomy":"post_tag","embeddable":true,"href":"https:\/\/www.sv-zeppelin.de\/index.php?rest_route=%2Fwp%2Fv2%2Ftags&post=32813"}],"curies":[{"name":"wp","href":"https:\/\/api.w.org\/{rel}","templated":true}]}}