{"id":19668,"date":"2022-07-10T14:50:17","date_gmt":"2022-07-10T12:50:17","guid":{"rendered":"http:\/\/www.sv-zeppelin.de\/?p=19668"},"modified":"2022-07-10T18:03:28","modified_gmt":"2022-07-10T16:03:28","slug":"das-wunder-von-herne","status":"publish","type":"post","link":"https:\/\/www.sv-zeppelin.de\/?p=19668","title":{"rendered":"Das Wunder von Herne"},"content":{"rendered":"<div id=\"attachment_19628\" style=\"width: 310px\" class=\"wp-caption alignright\"><a href=\"http:\/\/www.sv-zeppelin.de\/wp-content\/uploads\/2019\/07\/PICT0975.jpg\"><img loading=\"lazy\" decoding=\"async\" aria-describedby=\"caption-attachment-19628\" class=\"size-medium wp-image-19628\" src=\"http:\/\/www.sv-zeppelin.de\/wp-content\/uploads\/2019\/07\/PICT0975-300x225.jpg\" alt=\"\" width=\"300\" height=\"225\" srcset=\"https:\/\/www.sv-zeppelin.de\/wp-content\/uploads\/2019\/07\/PICT0975-300x225.jpg 300w, https:\/\/www.sv-zeppelin.de\/wp-content\/uploads\/2019\/07\/PICT0975.jpg 600w, https:\/\/www.sv-zeppelin.de\/wp-content\/uploads\/2019\/07\/PICT0975-520x390.jpg 520w\" sizes=\"auto, (max-width: 300px) 100vw, 300px\" \/><\/a><p id=\"caption-attachment-19628\" class=\"wp-caption-text\">v.l.:Rainer Kanacher, Willi Weihs, Joachim Talarski, Heinz Behre+, Ferdinand k\u00fchler<\/p><\/div>\n<p>Es geschah im Jahre 2006 und wird sich so schnell nicht wiederholen. Denn Wunder sind nicht planbar. Als solches aber muss der Viererpokal-Sieg des SV Constantin Herne bezeichnet werden.<br \/>\nBeim Veranstalter SK Herne-Sodingen waren zu diesem Zeitpunkt unglaublich starke Mannschaften wie SV Castrop-Rauxel, SK Sodingen, SK Ickern, SV Unser Fritz und SC L\u00e4ufer Wanne am Start.<\/p>\n<p>In der 1. Runde trafen wir auf die Drittvertretung von Unser-Fritz. Der 4:0 Erfolg in der Besetzung Willi Weihs, Heinz Behre, Joachim Talarski und Ferdinand K\u00fchler stellte zu diesem Zeitpunkt keine \u00dcberraschung dar.<\/p>\n<p>Etwas schwieriger wurde es in der 2. Runde gegen die Zweitvertretung von Unser Fritz. Dabei spielten Willi Weihs gegen Martin Pohl remis, Heinz Behre &#8211; Christoph Diekhans 1:0, Joachim Talarski &#8211; Walter Meiritz 1:0 und Udo Qu\u00e4schling &#8211; J\u00f6rg Kraft 1\/2. Endstand 3:1!<\/p>\n<p>Die 3. Runde sah uns in einer totalen Au\u00dfenseiterrolle! Wir hatten nichts zu verlieren; und so gingen wir es auch an. Beispielgebend daf\u00fcr war die Harakiri-Partie von Joachim Talarski gegen Oliver Distelrath.<\/p>\n<p><a href=\"http:\/\/www.viewchess.com\/cbreader\/2019\/7\/28\/Game1483772656.html\"><strong>Distelrath &#8211; Talarski 0:1<\/strong><\/a><\/p>\n<p>Die Partien zwischen Willi Weihs &#8211; Wilfried Staske, Rainer Kanacher &#8211; Andre Vlatten und Heinz Behre &#8211; Heiko Fisch\u00f6der standen Spitz auf Knopf und gingen allesamt nach gro\u00dfen K\u00e4mpfen remis aus. Endstand: 2,5:1,5!<\/p>\n<p>Somit standen wir v\u00f6llig unerwartet im Endspiel. Dort wartete zu diesem Zeitpunkt der 3 Klassen h\u00f6her spielende SC L\u00e4ufer Wanne-Eickel. Es war schon ein toller Erfolg, ins Finale gekommen zu sein!! Sollte der SVC jetzt etwa noch einen drauflegen? Tats\u00e4chlich gewann die 1. Mannschaft gegen die hoch favorisierten Freunde vom SC L\u00e4ufer Wanne. \u00dcberraschend gingen wir relativ schnell mit 2: 0 in F\u00fchrung. An Brett 1 spielte Willi Weihs eine spannende Partie gegen Michael Jungbluth. Es ging hin- und her &#8211; bis Willi mit einem taktischen Schlag die Initiative ergriff und dem gegnerischen K\u00f6nig keine Fluchtm\u00f6glichkeit mehr lie\u00df.<\/p>\n<p><strong><a href=\"http:\/\/www.viewchess.com\/cbreader\/2019\/7\/28\/Game1484650687.html\">Jungbluth &#8211; Weihs 0:1<\/a><br \/>\n<\/strong><br \/>\nDann gewann Joachim Talarski mit den schwarzen Steinen gegen Michael Biendara eine Figur, was seinen Gegner zur sofortigen Aufgabe veranlasste.<br \/>\nNun fehlte uns nur noch ein halber Punkt zur Sensation. An den Brettern 2 und 3 wurde es richtig spannend. Zahlreiche Kiebitze fieberten mit.<br \/>\nHeinz Behre, der leider nicht mehr unter uns weilt, holte gegen Heiko Nowicki den ersehnten halben Punkt und der Drops war gelutscht. Dass Rainer Kanacher zuletzt unn\u00f6tig gegen Dr. Martin M\u00fcller verlor, hatte keine Bedeutung mehr.<\/p>\n<p>Es war ein gro\u00dfer, ein toller Erfolg f\u00fcr den SV Constantin Herne, an den sich kaum noch jemand erinnert. Das Wunder von Bern ist mittlerweile allen ein Begriff; das Wunder von Herne lebt nur noch in den K\u00f6pfen bzw. Herzen der beteiligten Protagonisten.<\/p>\n","protected":false},"excerpt":{"rendered":"<p>Es geschah im Jahre 2006 und wird sich so schnell nicht wiederholen. Denn Wunder sind nicht planbar. Als solches aber muss der Viererpokal-Sieg des SV Constantin Herne bezeichnet werden. Beim Veranstalter SK Herne-Sodingen waren&#46;&#46;&#46;<\/p>\n","protected":false},"author":3,"featured_media":19628,"comment_status":"open","ping_status":"open","sticky":false,"template":"","format":"standard","meta":{"footnotes":""},"categories":[1],"tags":[],"class_list":["post-19668","post","type-post","status-publish","format-standard","has-post-thumbnail","hentry","category-allgemein"],"_links":{"self":[{"href":"https:\/\/www.sv-zeppelin.de\/index.php?rest_route=\/wp\/v2\/posts\/19668","targetHints":{"allow":["GET"]}}],"collection":[{"href":"https:\/\/www.sv-zeppelin.de\/index.php?rest_route=\/wp\/v2\/posts"}],"about":[{"href":"https:\/\/www.sv-zeppelin.de\/index.php?rest_route=\/wp\/v2\/types\/post"}],"author":[{"embeddable":true,"href":"https:\/\/www.sv-zeppelin.de\/index.php?rest_route=\/wp\/v2\/users\/3"}],"replies":[{"embeddable":true,"href":"https:\/\/www.sv-zeppelin.de\/index.php?rest_route=%2Fwp%2Fv2%2Fcomments&post=19668"}],"version-history":[{"count":2,"href":"https:\/\/www.sv-zeppelin.de\/index.php?rest_route=\/wp\/v2\/posts\/19668\/revisions"}],"predecessor-version":[{"id":30475,"href":"https:\/\/www.sv-zeppelin.de\/index.php?rest_route=\/wp\/v2\/posts\/19668\/revisions\/30475"}],"wp:featuredmedia":[{"embeddable":true,"href":"https:\/\/www.sv-zeppelin.de\/index.php?rest_route=\/wp\/v2\/media\/19628"}],"wp:attachment":[{"href":"https:\/\/www.sv-zeppelin.de\/index.php?rest_route=%2Fwp%2Fv2%2Fmedia&parent=19668"}],"wp:term":[{"taxonomy":"category","embeddable":true,"href":"https:\/\/www.sv-zeppelin.de\/index.php?rest_route=%2Fwp%2Fv2%2Fcategories&post=19668"},{"taxonomy":"post_tag","embeddable":true,"href":"https:\/\/www.sv-zeppelin.de\/index.php?rest_route=%2Fwp%2Fv2%2Ftags&post=19668"}],"curies":[{"name":"wp","href":"https:\/\/api.w.org\/{rel}","templated":true}]}}