{"id":15803,"date":"2016-11-30T22:06:25","date_gmt":"2016-11-30T20:06:25","guid":{"rendered":"http:\/\/www.sv-zeppelin.de\/?p=15803"},"modified":"2019-07-21T10:01:54","modified_gmt":"2019-07-21T08:01:54","slug":"erster-erfolg-fuer-zeppelins-zweite","status":"publish","type":"post","link":"https:\/\/www.sv-zeppelin.de\/?p=15803","title":{"rendered":"Erster Erfolg f\u00fcr Zeppelins Zweite"},"content":{"rendered":"<p dir=\"ltr\"><span style=\"color: #99ccff;\">.<\/span><\/p>\n<p dir=\"ltr\"><strong><span style=\"font-size: 14pt;\">27.11.2016: SV Zeppelin Herne 2 &#8211; SV Unser Fritz Wanne-Eickel 5<\/span><\/strong><\/p>\n<p dir=\"ltr\"><span style=\"color: #99ccff;\">.<\/span><\/p>\n<div id=\"attachment_15806\" style=\"width: 310px\" class=\"wp-caption alignleft\"><a href=\"http:\/\/www.sv-zeppelin.de\/wp-content\/uploads\/2016\/11\/DSC1232-e1480535742911.jpg\" target=\"_blank\" rel=\"noopener noreferrer\"><img loading=\"lazy\" decoding=\"async\" aria-describedby=\"caption-attachment-15806\" class=\"wp-image-15806 size-medium\" src=\"http:\/\/www.sv-zeppelin.de\/wp-content\/uploads\/2016\/11\/DSC1232-300x199.jpg\" alt=\"Three in a row: J\u00fcrgen Rochol, Peter Braunschuh und Kathrin Cillis auf Erfolgskurs\" width=\"300\" height=\"199\" \/><\/a><p id=\"caption-attachment-15806\" class=\"wp-caption-text\">Three in a row: J\u00fcrgen Rochol, Peter Braunschuh und Kathrin Cillis auf Erfolgskurs<\/p><\/div>\n<p dir=\"ltr\" style=\"text-align: justify;\">Am 1. Adventssonntag hatte die 2. Mannschaft des SV Zeppelin Herne die 5. Mannschaft des SV Unser Fritz Wanne Eickel zu Gast. Zeppelin konnte vollz\u00e4hlig mit spielstarkem Ersatz antreten, w\u00e4hrend die G\u00e4ste ebenfalls ersatzbehaftet eher geschw\u00e4cht, aber nicht weniger engagiert, in den Wettkampf gingen. Zeppelins schneller F\u00fchrung durch Klaus Molke am Spitzenbrett folgte ein nicht weniger flottes Remis zwischen Peter Braunschuh in\u00a0seinem saisonalen Ersteinsatz \u00a0und Maximilian Radzanowski. Zeitgleich kam auch J\u00fcrgen Balzercak gegen Wanne-Eickels Mannschaftsf\u00fchrer Luca Zeleny, nach kuriosem wendungsreichen Spiel, zum Abschluss. Zun\u00e4chst sah es so aus als h\u00e4tte der gut 200 DWZ-Punkte schw\u00e4chere Zeppeliner den Wanne-Eickeler mit \u00fcberraschendem Leichtfigurenvorteil fest im Griff. Doch nach ein paar weiteren Spielz\u00fcgen kehrte sich das Ganze ins genaue Gegenteil und J. B. gab auf &#8211; Schade. Neunzig Minuten waren nach der Bretterfreigabe vergangen, als sich Zeppelins Mannschaftsf\u00fchrer Achim Raasch mit Yannick Kraft die Punkte teilte. Es stand nun 2:2. Kurze Zeit sp\u00e4ter besiegte auch J\u00fcrgen Rochol seine junge Gegnerin. Nun war nur noch Ersatzfrau Kathrin Cillis gegen den jungen Ersatzspieler Singh-Dehne im Einsatz. Ein Remis h\u00e4tte zwar f\u00fcr Zeppelins Mannschaftssieg gereicht, aber Kathrin lies es sich nicht nehmen die Partie sicher zum Sieg zu f\u00fchren. Klasse Leistung! Nun stand endlich der erste sogar deutliche Gesamtsieg der 2. Mannschaft in dieser Saison ins Haus. Zeppelin braucht nun mit Beginn der Winterpause vorerst nicht mehr um den Abstieg bangen.<\/p>\n<p style=\"text-align: justify;\"><span style=\"color: #99ccff;\">.<\/span><\/p>\n<p dir=\"ltr\"><a href=\"https:\/\/nrw.svw.info\/ergebnisse\/show\/2016\/1785\/\">Tabelle<\/a> \u00a0 \u00a0 \u00a0<a href=\"https:\/\/nrw.svw.info\/ergebnisse\/show\/2016\/1785\/runde\/4\/\">Ergebnisse<\/a> \u00a0 \u00a0 <a href=\"https:\/\/nrw.svw.info\/ergebnisse\/show\/2016\/1785\/topscorer\/\">Topscorer<\/a><\/p>\n<p dir=\"ltr\"><span style=\"color: #99ccff;\">.<\/span><!--more--><\/p>\n\n\t\t<style>\n\t\t\t#gallery-1 {\n\t\t\t\tmargin: auto;\n\t\t\t}\n\t\t\t#gallery-1 .gallery-item {\n\t\t\t\tfloat: left;\n\t\t\t\tmargin-top: 10px;\n\t\t\t\ttext-align: center;\n\t\t\t\twidth: 33%;\n\t\t\t}\n\t\t\t#gallery-1 img {\n\t\t\t\tborder: 2px solid #cfcfcf;\n\t\t\t}\n\t\t\t#gallery-1 .gallery-caption {\n\t\t\t\tmargin-left: 0;\n\t\t\t}\n\t\t\t\/* see gallery_shortcode() in wp-includes\/media.php *\/\n\t\t<\/style>\n\t\t<div id='gallery-1' class='gallery galleryid-15803 gallery-columns-3 gallery-size-medium'><dl class='gallery-item'>\n\t\t\t<dt class='gallery-icon landscape'>\n\t\t\t\t<a href='https:\/\/www.sv-zeppelin.de\/?attachment_id=15807'><img loading=\"lazy\" decoding=\"async\" width=\"300\" height=\"199\" src=\"https:\/\/www.sv-zeppelin.de\/wp-content\/uploads\/2016\/11\/DSC1231-300x199.jpg\" class=\"attachment-medium size-medium no-lazy\" alt=\"\" aria-describedby=\"gallery-1-15807\" srcset=\"https:\/\/www.sv-zeppelin.de\/wp-content\/uploads\/2016\/11\/DSC1231-300x199.jpg 300w, https:\/\/www.sv-zeppelin.de\/wp-content\/uploads\/2016\/11\/DSC1231-768x509.jpg 768w, https:\/\/www.sv-zeppelin.de\/wp-content\/uploads\/2016\/11\/DSC1231-1024x678.jpg 1024w, https:\/\/www.sv-zeppelin.de\/wp-content\/uploads\/2016\/11\/DSC1231-e1480535706365.jpg 1080w\" sizes=\"auto, (max-width: 300px) 100vw, 300px\" \/><\/a>\n\t\t\t<\/dt>\n\t\t\t\t<dd class='wp-caption-text gallery-caption' id='gallery-1-15807'>\n\t\t\t\tKathrin Cillis gegen Dilchan Singh-Denne\n\t\t\t\t<\/dd><\/dl><dl class='gallery-item'>\n\t\t\t<dt class='gallery-icon landscape'>\n\t\t\t\t<a href='https:\/\/www.sv-zeppelin.de\/?attachment_id=15805'><img loading=\"lazy\" decoding=\"async\" width=\"300\" height=\"199\" src=\"https:\/\/www.sv-zeppelin.de\/wp-content\/uploads\/2016\/11\/DSC1233-300x199.jpg\" class=\"attachment-medium size-medium no-lazy\" alt=\"\" aria-describedby=\"gallery-1-15805\" srcset=\"https:\/\/www.sv-zeppelin.de\/wp-content\/uploads\/2016\/11\/DSC1233-300x199.jpg 300w, https:\/\/www.sv-zeppelin.de\/wp-content\/uploads\/2016\/11\/DSC1233-768x509.jpg 768w, https:\/\/www.sv-zeppelin.de\/wp-content\/uploads\/2016\/11\/DSC1233-1024x678.jpg 1024w, https:\/\/www.sv-zeppelin.de\/wp-content\/uploads\/2016\/11\/DSC1233-e1480535783921.jpg 1080w\" sizes=\"auto, (max-width: 300px) 100vw, 300px\" \/><\/a>\n\t\t\t<\/dt>\n\t\t\t\t<dd class='wp-caption-text gallery-caption' id='gallery-1-15805'>\n\t\t\t\tJ\u00fcrgen Balcerzak gegen  Luca Zeleny, vorne Yannick Kraft\n\t\t\t\t<\/dd><\/dl><dl class='gallery-item'>\n\t\t\t<dt class='gallery-icon landscape'>\n\t\t\t\t<a href='https:\/\/www.sv-zeppelin.de\/?attachment_id=15806'><img loading=\"lazy\" decoding=\"async\" width=\"300\" height=\"199\" src=\"https:\/\/www.sv-zeppelin.de\/wp-content\/uploads\/2016\/11\/DSC1232-300x199.jpg\" class=\"attachment-medium size-medium no-lazy\" alt=\"\" aria-describedby=\"gallery-1-15806\" srcset=\"https:\/\/www.sv-zeppelin.de\/wp-content\/uploads\/2016\/11\/DSC1232-300x199.jpg 300w, https:\/\/www.sv-zeppelin.de\/wp-content\/uploads\/2016\/11\/DSC1232-768x509.jpg 768w, https:\/\/www.sv-zeppelin.de\/wp-content\/uploads\/2016\/11\/DSC1232-1024x678.jpg 1024w, https:\/\/www.sv-zeppelin.de\/wp-content\/uploads\/2016\/11\/DSC1232-e1480535742911.jpg 1080w\" sizes=\"auto, (max-width: 300px) 100vw, 300px\" \/><\/a>\n\t\t\t<\/dt>\n\t\t\t\t<dd class='wp-caption-text gallery-caption' id='gallery-1-15806'>\n\t\t\t\tThree in a row: J\u00fcrgen Rochol, Peter Braunschuh und Kathrin Cillis auf Erfolgskurs\n\t\t\t\t<\/dd><\/dl><br style=\"clear: both\" \/>\n\t\t<\/div>\n\n","protected":false},"excerpt":{"rendered":"<p>. 27.11.2016: SV Zeppelin Herne 2 &#8211; SV Unser Fritz Wanne-Eickel 5 . Am 1. Adventssonntag hatte die 2. Mannschaft des SV Zeppelin Herne die 5. Mannschaft des SV Unser Fritz Wanne Eickel zu&#46;&#46;&#46;<\/p>\n","protected":false},"author":7,"featured_media":16579,"comment_status":"open","ping_status":"open","sticky":false,"template":"","format":"standard","meta":{"footnotes":""},"categories":[8],"tags":[],"class_list":["post-15803","post","type-post","status-publish","format-standard","has-post-thumbnail","hentry","category-2mannschaft"],"_links":{"self":[{"href":"https:\/\/www.sv-zeppelin.de\/index.php?rest_route=\/wp\/v2\/posts\/15803","targetHints":{"allow":["GET"]}}],"collection":[{"href":"https:\/\/www.sv-zeppelin.de\/index.php?rest_route=\/wp\/v2\/posts"}],"about":[{"href":"https:\/\/www.sv-zeppelin.de\/index.php?rest_route=\/wp\/v2\/types\/post"}],"author":[{"embeddable":true,"href":"https:\/\/www.sv-zeppelin.de\/index.php?rest_route=\/wp\/v2\/users\/7"}],"replies":[{"embeddable":true,"href":"https:\/\/www.sv-zeppelin.de\/index.php?rest_route=%2Fwp%2Fv2%2Fcomments&post=15803"}],"version-history":[{"count":0,"href":"https:\/\/www.sv-zeppelin.de\/index.php?rest_route=\/wp\/v2\/posts\/15803\/revisions"}],"wp:featuredmedia":[{"embeddable":true,"href":"https:\/\/www.sv-zeppelin.de\/index.php?rest_route=\/wp\/v2\/media\/16579"}],"wp:attachment":[{"href":"https:\/\/www.sv-zeppelin.de\/index.php?rest_route=%2Fwp%2Fv2%2Fmedia&parent=15803"}],"wp:term":[{"taxonomy":"category","embeddable":true,"href":"https:\/\/www.sv-zeppelin.de\/index.php?rest_route=%2Fwp%2Fv2%2Fcategories&post=15803"},{"taxonomy":"post_tag","embeddable":true,"href":"https:\/\/www.sv-zeppelin.de\/index.php?rest_route=%2Fwp%2Fv2%2Ftags&post=15803"}],"curies":[{"name":"wp","href":"https:\/\/api.w.org\/{rel}","templated":true}]}}