{"id":15581,"date":"2016-10-10T23:51:19","date_gmt":"2016-10-10T21:51:19","guid":{"rendered":"http:\/\/www.sv-zeppelin.de\/?p=15581"},"modified":"2019-07-21T10:27:09","modified_gmt":"2019-07-21T08:27:09","slug":"zeppelins-zweite-folgt-der-ersten","status":"publish","type":"post","link":"https:\/\/www.sv-zeppelin.de\/?p=15581","title":{"rendered":"Zeppelins Zweite folgt der Ersten"},"content":{"rendered":"<div id=\"attachment_15589\" style=\"width: 344px\" class=\"wp-caption alignleft\"><a href=\"http:\/\/www.sv-zeppelin.de\/wp-content\/uploads\/2016\/10\/drewer3_DSC1225.jpg\"><img loading=\"lazy\" decoding=\"async\" aria-describedby=\"caption-attachment-15589\" class=\"wp-image-15589\" src=\"http:\/\/www.sv-zeppelin.de\/wp-content\/uploads\/2016\/10\/drewer3_DSC1225-300x199.jpg\" alt=\"Katrin Cillis mit Kurt Reich\" width=\"334\" height=\"222\" srcset=\"https:\/\/www.sv-zeppelin.de\/wp-content\/uploads\/2016\/10\/drewer3_DSC1225-300x199.jpg 300w, https:\/\/www.sv-zeppelin.de\/wp-content\/uploads\/2016\/10\/drewer3_DSC1225-768x509.jpg 768w, https:\/\/www.sv-zeppelin.de\/wp-content\/uploads\/2016\/10\/drewer3_DSC1225.jpg 800w\" sizes=\"auto, (max-width: 334px) 100vw, 334px\" \/><\/a><p id=\"caption-attachment-15589\" class=\"wp-caption-text\">Katrin Cillis\u00a0gegen Kurt Reich<\/p><\/div>\n<p style=\"text-align: justify;\">Heimspiel im neuen Spiellokal der\u00a0Herner Kreisligamannschaft. Zeppelins Zweite empfing am vergangenen Sonntag den 09.10.2016, im Kulturhaus &#8222;O&#8220;, an der Overwegstra\u00dfe 32, in den R\u00e4umen der Gesellschaft f\u00fcr Integration (GfI), die\u00a0dritte Mannschaft der SG Drewer zum Sondertermin. Zeppelin konnte, anders als beim Auftaktspiel, diesmal\u00a0mit einer vollst\u00e4ndigen Mannschaft antreten. F\u00fcr\u00a0den fehlenden Mann am Schlussbrett, war Hernes spielstarker Neuzugang Kathrin Cillis erstmalig im Einsatz.\u00a0 Aber auch die G\u00e4ste aus Marl waren mit einem Ersatzmann vollz\u00e4hlig und spielstark angereist. Allerdings mit einiger Versp\u00e4tung, weshalb sich der Beginn des Wettkampfes auf ca. 14.30 Uhr verschob. <strong>Klaus Molke<\/strong> teilte sich nach kurzem, ausgeglichenem Kampf mit dem ebenb\u00fcrtigem Wolfgang Ritter nach ca. 1h Spielzeit die Punkte. Die anderen Spieler brauchten deutlich l\u00e4nger um ihre Partien zu entwickeln. F\u00fcr Mannschaftsf\u00fchrer <strong>Achim Raasch<\/strong>, der mit\u00a0Karl-Peter M\u00fcller den spielst\u00e4rksten Dreweraner vor sich hatte, sah es zun\u00e4chst \u00fcbel aus, nachdem er eine\u00a0vorhersehbare Springergabel \u00fcbersah. Tapfer k\u00e4mpfte er sich nach dem Qualit\u00e4tsverlust jedoch noch bis\u00a0ins Endspiel und veranlasste dann den Gegner dazu ein Opfer zu bringen, welches wieder ann\u00e4hernd den Ausgleich brachte. F\u00fcr den anschlie\u00dfenden Versuch einen Bauern auf die Grundlinie durchzudr\u00fccken fehlte allerdings ein einziger Zug. Aufgabe!\u00a0<strong> J\u00fcrgen Balcerzak<\/strong> der sowohl im Auftaktspiel der 1. Kreisliga, alsauch als Ersatz in der Bezirksliga sehr erfolgreich war, hielt sich recht wacker gegen den deutlich st\u00e4rkeren Udo Kopp. Nach 3h Spielzeit allerdings gab er nach dem Verlust einer Leichtfigur auf. 0,5:2,5 der Zwischenstand &#8211; Das schien ein schlag ins Wasser zu werden.<br \/>\nBis\u00a0dahin\u00a0waren alle Ergebnisse in der Reihenfolge der Bretter gefallen.\u00a0Auf dem\u00a0Schlussbrett tummelten sich derweil noch ungew\u00f6hnlich viele Figuren. Hier\u00a0war bei Hernes Ersatzfrau <strong>Kathrin Cillis<\/strong>\u00a0und Kurt Reich, nach\u00a0ca. 3h Spielzeit gerademal eine Leichtfigur getauscht worden.\u00a0Durch die geschlossenen Bauernfronten schien es kein Durchkommen zu geben. Wenig sp\u00e4ter reichte man sich dann auch die H\u00e4nde zum gerechten Remis. Nur kurze Zeit sp\u00e4ter kam auch die Partie an Brett 5 zum Schluss. Hier hatte\u00a0 <strong>Fritz Daubitz <\/strong>nach langer Schachpause eine solide ausgeglichene Partie gespielt und war bis ins Turmendspiel gelangt. Das Remisangebot kam daher zu Recht, wurde aber vom spielstarken Peter Stickel abgelehnt. Sp\u00e4ter bot der Dreweraner dann seinerseits Remis, was nun aber vom Herner abgelehnt wurde. Kurze Zeit sp\u00e4ter bewegte der Grandsignor mit nur einem Mehrbauern\u00a0seinen Kontrahenten zur Aufgabe. Der erste Sieg an diesem Nachmittag. Das\u00a02:3\u00a0sah nun nicht mehr so \u00fcbel aus. Jetzt fehlte nur noch das Ergebnis\u00a0am\u00a0Brett 4. Hier hatte <strong>J\u00fcrgen Rochol<\/strong> sich mit anf\u00e4nglichem Minusbauern bis zum Ausgleich ins L\u00e4uferendspiel gebracht. Dabei hatte er bereits die erste Zeitkontrolle passiert, w\u00e4hrend Drewers Urgestein Helmut Neumann (der stolze 90 Lenze z\u00e4hlte),\u00a0kaum eine halbe Stunde Bedenkzeit ben\u00f6tigt hatte. Man glaubte fast die Uhr w\u00e4hre verstellt gewesen. Aber nein, alles korrekt. Nach etwa 4h Spielzeit einigte man sich auf ein Unentschieden. Und so gab es, wie schon am letzten Sonntag bei der 1. Mannschaft geschehen, eine knappe Niederlage &#8211; aber keinen letzten Tabellenplatz.<\/p>\n<p style=\"text-align: justify;\">.<\/p>\n<p dir=\"ltr\"><a href=\"https:\/\/nrw.svw.info\/ergebnisse\/show\/2016\/1785\/\">Tabelle<\/a> \u00a0 \u00a0 \u00a0<a href=\"https:\/\/nrw.svw.info\/ergebnisse\/show\/2016\/1785\/runde\/2\/\">Ergebnisse<\/a> \u00a0 \u00a0 <a href=\"https:\/\/nrw.svw.info\/ergebnisse\/show\/2016\/1785\/topscorer\/\">Topscorer<\/a><\/p>\n<p dir=\"ltr\">.<\/p>\n<p><!--more--><\/p>\n\n\t\t<style>\n\t\t\t#gallery-1 {\n\t\t\t\tmargin: auto;\n\t\t\t}\n\t\t\t#gallery-1 .gallery-item {\n\t\t\t\tfloat: left;\n\t\t\t\tmargin-top: 10px;\n\t\t\t\ttext-align: center;\n\t\t\t\twidth: 33%;\n\t\t\t}\n\t\t\t#gallery-1 img {\n\t\t\t\tborder: 2px solid #cfcfcf;\n\t\t\t}\n\t\t\t#gallery-1 .gallery-caption {\n\t\t\t\tmargin-left: 0;\n\t\t\t}\n\t\t\t\/* see gallery_shortcode() in wp-includes\/media.php *\/\n\t\t<\/style>\n\t\t<div id='gallery-1' class='gallery galleryid-15581 gallery-columns-3 gallery-size-medium'><dl class='gallery-item'>\n\t\t\t<dt class='gallery-icon landscape'>\n\t\t\t\t<a href='https:\/\/www.sv-zeppelin.de\/?attachment_id=15594'><img loading=\"lazy\" decoding=\"async\" width=\"300\" height=\"199\" src=\"https:\/\/www.sv-zeppelin.de\/wp-content\/uploads\/2016\/10\/drewer3_DSC1230-300x199.jpg\" class=\"attachment-medium size-medium no-lazy\" alt=\"\" aria-describedby=\"gallery-1-15594\" srcset=\"https:\/\/www.sv-zeppelin.de\/wp-content\/uploads\/2016\/10\/drewer3_DSC1230-300x199.jpg 300w, https:\/\/www.sv-zeppelin.de\/wp-content\/uploads\/2016\/10\/drewer3_DSC1230-768x509.jpg 768w, https:\/\/www.sv-zeppelin.de\/wp-content\/uploads\/2016\/10\/drewer3_DSC1230.jpg 800w\" sizes=\"auto, (max-width: 300px) 100vw, 300px\" \/><\/a>\n\t\t\t<\/dt>\n\t\t\t\t<dd class='wp-caption-text gallery-caption' id='gallery-1-15594'>\n\t\t\t\tFritz Daubitz gegen Peter Stickel sowie J\u00fcrgen Rochol (sitzend) und &#8222;Kibitze&#8220;\n\t\t\t\t<\/dd><\/dl><dl class='gallery-item'>\n\t\t\t<dt class='gallery-icon landscape'>\n\t\t\t\t<a href='https:\/\/www.sv-zeppelin.de\/?attachment_id=15593'><img loading=\"lazy\" decoding=\"async\" width=\"300\" height=\"199\" src=\"https:\/\/www.sv-zeppelin.de\/wp-content\/uploads\/2016\/10\/drewer3_DSC1229-300x199.jpg\" class=\"attachment-medium size-medium no-lazy\" alt=\"\" aria-describedby=\"gallery-1-15593\" srcset=\"https:\/\/www.sv-zeppelin.de\/wp-content\/uploads\/2016\/10\/drewer3_DSC1229-300x199.jpg 300w, https:\/\/www.sv-zeppelin.de\/wp-content\/uploads\/2016\/10\/drewer3_DSC1229-768x509.jpg 768w, https:\/\/www.sv-zeppelin.de\/wp-content\/uploads\/2016\/10\/drewer3_DSC1229.jpg 800w\" sizes=\"auto, (max-width: 300px) 100vw, 300px\" \/><\/a>\n\t\t\t<\/dt>\n\t\t\t\t<dd class='wp-caption-text gallery-caption' id='gallery-1-15593'>\n\t\t\t\tJ\u00fcrgen Balcerzak und Erich Leichner schauen Kurt Reich und Kathrin Cillis zu\n\t\t\t\t<\/dd><\/dl><dl class='gallery-item'>\n\t\t\t<dt class='gallery-icon landscape'>\n\t\t\t\t<a href='https:\/\/www.sv-zeppelin.de\/?attachment_id=15592'><img loading=\"lazy\" decoding=\"async\" width=\"300\" height=\"199\" src=\"https:\/\/www.sv-zeppelin.de\/wp-content\/uploads\/2016\/10\/drewer3_DSC1228-300x199.jpg\" class=\"attachment-medium size-medium no-lazy\" alt=\"\" aria-describedby=\"gallery-1-15592\" srcset=\"https:\/\/www.sv-zeppelin.de\/wp-content\/uploads\/2016\/10\/drewer3_DSC1228-300x199.jpg 300w, https:\/\/www.sv-zeppelin.de\/wp-content\/uploads\/2016\/10\/drewer3_DSC1228-768x509.jpg 768w, https:\/\/www.sv-zeppelin.de\/wp-content\/uploads\/2016\/10\/drewer3_DSC1228.jpg 800w\" sizes=\"auto, (max-width: 300px) 100vw, 300px\" \/><\/a>\n\t\t\t<\/dt>\n\t\t\t\t<dd class='wp-caption-text gallery-caption' id='gallery-1-15592'>\n\t\t\t\tVorne: Helmut Neumann und J\u00fcrgen Rochol\n\t\t\t\t<\/dd><\/dl><br style=\"clear: both\" \/><dl class='gallery-item'>\n\t\t\t<dt class='gallery-icon landscape'>\n\t\t\t\t<a href='https:\/\/www.sv-zeppelin.de\/?attachment_id=15591'><img loading=\"lazy\" decoding=\"async\" width=\"300\" height=\"199\" src=\"https:\/\/www.sv-zeppelin.de\/wp-content\/uploads\/2016\/10\/drewer3_DSC1227-300x199.jpg\" class=\"attachment-medium size-medium no-lazy\" alt=\"\" aria-describedby=\"gallery-1-15591\" srcset=\"https:\/\/www.sv-zeppelin.de\/wp-content\/uploads\/2016\/10\/drewer3_DSC1227-300x199.jpg 300w, https:\/\/www.sv-zeppelin.de\/wp-content\/uploads\/2016\/10\/drewer3_DSC1227-768x509.jpg 768w, https:\/\/www.sv-zeppelin.de\/wp-content\/uploads\/2016\/10\/drewer3_DSC1227.jpg 800w\" sizes=\"auto, (max-width: 300px) 100vw, 300px\" \/><\/a>\n\t\t\t<\/dt>\n\t\t\t\t<dd class='wp-caption-text gallery-caption' id='gallery-1-15591'>\n\t\t\t\tJ\u00fcrgen Balcerzak und Udo Kopp\n\t\t\t\t<\/dd><\/dl><dl class='gallery-item'>\n\t\t\t<dt class='gallery-icon landscape'>\n\t\t\t\t<a href='https:\/\/www.sv-zeppelin.de\/?attachment_id=15590'><img loading=\"lazy\" decoding=\"async\" width=\"300\" height=\"199\" src=\"https:\/\/www.sv-zeppelin.de\/wp-content\/uploads\/2016\/10\/drewer3_DSC1226-300x199.jpg\" class=\"attachment-medium size-medium no-lazy\" alt=\"\" aria-describedby=\"gallery-1-15590\" srcset=\"https:\/\/www.sv-zeppelin.de\/wp-content\/uploads\/2016\/10\/drewer3_DSC1226-300x199.jpg 300w, https:\/\/www.sv-zeppelin.de\/wp-content\/uploads\/2016\/10\/drewer3_DSC1226-768x509.jpg 768w, https:\/\/www.sv-zeppelin.de\/wp-content\/uploads\/2016\/10\/drewer3_DSC1226.jpg 800w\" sizes=\"auto, (max-width: 300px) 100vw, 300px\" \/><\/a>\n\t\t\t<\/dt>\n\t\t\t\t<dd class='wp-caption-text gallery-caption' id='gallery-1-15590'>\n\t\t\t\tvorne: Wolfgang Ritter und Klaus Molke\n\t\t\t\t<\/dd><\/dl><dl class='gallery-item'>\n\t\t\t<dt class='gallery-icon landscape'>\n\t\t\t\t<a href='https:\/\/www.sv-zeppelin.de\/?attachment_id=15589'><img loading=\"lazy\" decoding=\"async\" width=\"300\" height=\"199\" src=\"https:\/\/www.sv-zeppelin.de\/wp-content\/uploads\/2016\/10\/drewer3_DSC1225-300x199.jpg\" class=\"attachment-medium size-medium no-lazy\" alt=\"\" aria-describedby=\"gallery-1-15589\" srcset=\"https:\/\/www.sv-zeppelin.de\/wp-content\/uploads\/2016\/10\/drewer3_DSC1225-300x199.jpg 300w, https:\/\/www.sv-zeppelin.de\/wp-content\/uploads\/2016\/10\/drewer3_DSC1225-768x509.jpg 768w, https:\/\/www.sv-zeppelin.de\/wp-content\/uploads\/2016\/10\/drewer3_DSC1225.jpg 800w\" sizes=\"auto, (max-width: 300px) 100vw, 300px\" \/><\/a>\n\t\t\t<\/dt>\n\t\t\t\t<dd class='wp-caption-text gallery-caption' id='gallery-1-15589'>\n\t\t\t\tKatrin Cillis mit Kurt Reich\n\t\t\t\t<\/dd><\/dl><br style=\"clear: both\" \/>\n\t\t<\/div>\n\n<p dir=\"ltr\">.<\/p>\n","protected":false},"excerpt":{"rendered":"<p>Heimspiel im neuen Spiellokal der\u00a0Herner Kreisligamannschaft. Zeppelins Zweite empfing am vergangenen Sonntag den 09.10.2016, im Kulturhaus &#8222;O&#8220;, an der Overwegstra\u00dfe 32, in den R\u00e4umen der Gesellschaft f\u00fcr Integration (GfI), die\u00a0dritte Mannschaft der SG Drewer&#46;&#46;&#46;<\/p>\n","protected":false},"author":7,"featured_media":19554,"comment_status":"open","ping_status":"open","sticky":false,"template":"","format":"standard","meta":{"footnotes":""},"categories":[8],"tags":[],"class_list":["post-15581","post","type-post","status-publish","format-standard","has-post-thumbnail","hentry","category-2mannschaft"],"_links":{"self":[{"href":"https:\/\/www.sv-zeppelin.de\/index.php?rest_route=\/wp\/v2\/posts\/15581","targetHints":{"allow":["GET"]}}],"collection":[{"href":"https:\/\/www.sv-zeppelin.de\/index.php?rest_route=\/wp\/v2\/posts"}],"about":[{"href":"https:\/\/www.sv-zeppelin.de\/index.php?rest_route=\/wp\/v2\/types\/post"}],"author":[{"embeddable":true,"href":"https:\/\/www.sv-zeppelin.de\/index.php?rest_route=\/wp\/v2\/users\/7"}],"replies":[{"embeddable":true,"href":"https:\/\/www.sv-zeppelin.de\/index.php?rest_route=%2Fwp%2Fv2%2Fcomments&post=15581"}],"version-history":[{"count":0,"href":"https:\/\/www.sv-zeppelin.de\/index.php?rest_route=\/wp\/v2\/posts\/15581\/revisions"}],"wp:featuredmedia":[{"embeddable":true,"href":"https:\/\/www.sv-zeppelin.de\/index.php?rest_route=\/wp\/v2\/media\/19554"}],"wp:attachment":[{"href":"https:\/\/www.sv-zeppelin.de\/index.php?rest_route=%2Fwp%2Fv2%2Fmedia&parent=15581"}],"wp:term":[{"taxonomy":"category","embeddable":true,"href":"https:\/\/www.sv-zeppelin.de\/index.php?rest_route=%2Fwp%2Fv2%2Fcategories&post=15581"},{"taxonomy":"post_tag","embeddable":true,"href":"https:\/\/www.sv-zeppelin.de\/index.php?rest_route=%2Fwp%2Fv2%2Ftags&post=15581"}],"curies":[{"name":"wp","href":"https:\/\/api.w.org\/{rel}","templated":true}]}}