{"id":14985,"date":"2016-05-03T14:14:21","date_gmt":"2016-05-03T12:14:21","guid":{"rendered":"http:\/\/www.sv-zeppelin.de\/?p=14985"},"modified":"2019-07-21T13:10:38","modified_gmt":"2019-07-21T11:10:38","slug":"saisonziel-erreicht","status":"publish","type":"post","link":"https:\/\/www.sv-zeppelin.de\/?p=14985","title":{"rendered":"Saisonziel erreicht"},"content":{"rendered":"<p>Letzter Spieltag f\u00fcr Zeppelins Kreisligateam<\/p>\n<p>&nbsp;<\/p>\n<div id=\"attachment_14999\" style=\"width: 310px\" class=\"wp-caption alignleft\"><a href=\"http:\/\/www.sv-zeppelin.de\/?attachment_id=14999\" rel=\"attachment wp-att-14999\"><img loading=\"lazy\" decoding=\"async\" aria-describedby=\"caption-attachment-14999\" class=\"size-medium wp-image-14999\" src=\"http:\/\/www.sv-zeppelin.de\/wp-content\/uploads\/2016\/05\/IMG_7909-1-300x225.jpg\" alt=\"Enrico Berner gegen Achim Raasch\" width=\"300\" height=\"225\" srcset=\"https:\/\/www.sv-zeppelin.de\/wp-content\/uploads\/2016\/05\/IMG_7909-1-300x225.jpg 300w, https:\/\/www.sv-zeppelin.de\/wp-content\/uploads\/2016\/05\/IMG_7909-1-768x576.jpg 768w, https:\/\/www.sv-zeppelin.de\/wp-content\/uploads\/2016\/05\/IMG_7909-1.jpg 800w\" sizes=\"auto, (max-width: 300px) 100vw, 300px\" \/><\/a><p id=\"caption-attachment-14999\" class=\"wp-caption-text\">Vorne: Enrico Berner gegen Achim Raasch. Hinten: J\u00fcrgen Balcerzak, sowie Oliver Gisk gegen Olaf Gorny<\/p><\/div>\n<p style=\"text-align: justify;\">Am letzten Spieltag der 2. Kreisliga waren wir am 1. Maifeiertag bei der\u00a04. Mannschaft der SG Drewer in Marl zu Gast. Bei strahlend sch\u00f6nem Sonnenschein konnte sich eigentlich jeder etwas anderes vorstellen als Schach zu spielen. Was soll&#8217;s:&#8220;Augen zu und durch&#8220; &#8211; oder besser nicht, denn auch hier\u00a0war wieder, bei so mancher Partie, ein gutes\u00a0Auge gefragt. Dies blieb J\u00fcrgen Balcerzak aber leider versagt. Sein Kampf war schnell vorbei. Er gab nach einem groben Fehler die Partie gegen Axel Obdenbusch bereits nach einer Stunde Spielzeit auf. Eine weitere Stunde sp\u00e4ter remisierten Oliver Gisk und Olaf Gorny in ausgeglichener Stellung. Ein wenig sp\u00e4ter setzte Zeppelins Mannschaftsf\u00fchrer Achim Raasch seinen jungen Gegner Enrico Berner matt. Ausgleich! Hernes 1. Ersatzspieler J\u00fcrgen Rochol machte seine Sache gut. Nach fr\u00fchem Qualit\u00e4tsverlust\u00a0kam er gegen Joachim Langer wieder zur\u00fcck ins Spiel, schaffte den Ausgleich und errang dann sogar den Sieg. Nun lag Zeppelin vorn. Nach anf\u00e4nglichen Konzentrationsschwierigkeiten hielt Schlussmann Helmut Dirks lange das Remis, kam dann aber in der 3. Spielstunde gegen den jungen Niklas T\u00f6tsch mit Qualit\u00e4ts- und Bauernverlust stark in Nachteil. Die Aufgabe seiner Partie brachte beide Mannschaften wieder gleichauf. Abermals erwies sich nun das Brett 1 als Z\u00fcnglein an der Waage. Hier kam Michael Bott gegen Dominik Stotten\u00a0zun\u00e4chst mit einer Leichtfigur in Nachteil, kam dann aber \u00e4hnlich wie J\u00fcrgen Rochol wieder gut ins Spiel zur\u00fcck. Leider fand die Partie aber sp\u00e4ter ein unr\u00fchmliches Ende.<br \/>\nDie knappe Niederlage schmerzte allerdings nicht allzu sehr, da es f\u00fcr Zeppelins Zweite Mannschaft um nichts mehr ging. Das\u00a0Team aus Drewer durfte sich daf\u00fcr \u00fcber den schwer erk\u00e4mpften Sieg und dem damit verbundenen Klassenerhalt freuen. Damit ist die Schachsaison 2015\/2016 nun zu Ende. Ein gro\u00dfes Dankesch\u00f6n und ein Kompliment an die 2.\u00a0Mannschaft vom SV Zeppelin Herne und seine Mitstreiter, die trotz st\u00e4ndiger Ersatzsorgen, das Saisonziel die Klasse zu halten, doch noch m\u00f6glich machen konnten.<br \/>\n<!--more--><\/p>\n<p>Brett 1: Bott &#8211; Stotten \u00a0\u00a0\u00a0\u00a0\u00a0\u00a0 \u00a0 \u00a0 \u00a0 \u00a0\u00a0 0:1<br \/>\nBrett 2: Gisk &#8211; Gorny \u00a0\u00a0\u00a0 \u00a0 \u00a0 \u00a0 \u00a0\u00a0 \u00a0\u00a0 1\/2:1\/2<br \/>\nBrett 3: <a href=\"http:\/\/www.viewchess.com\/cbreader\/2016\/5\/3\/Game3437965.html\" target=\"_blank\" rel=\"noopener noreferrer\">Raasch &#8211; Berner<\/a>\u00a0\u00a0\u00a0\u00a0\u00a0\u00a0\u00a0\u00a0\u00a0\u00a0\u00a0\u00a0\u00a0\u00a0 1:0<br \/>\nBrett 4: Balcerzak &#8211; Obdenbusch\u00a0\u00a0\u00a0 0:1<br \/>\nBrett 5: <a href=\"http:\/\/www.viewchess.com\/cbreader\/2016\/5\/4\/Game5310102.html\" target=\"_blank\" rel=\"noopener noreferrer\">Rochol &#8211; Langer<\/a>\u00a0 \u00a0 \u00a0 \u00a0 \u00a0 \u00a0\u00a0 \u00a0\u00a0 1:0<br \/>\nBrett 6: Dirks &#8211; T\u00f6tsch \u00a0\u00a0\u00a0\u00a0\u00a0\u00a0\u00a0\u00a0\u00a0\u00a0\u00a0\u00a0\u00a0\u00a0\u00a0\u00a0 0:1<\/p>\n<p>&nbsp;<\/p>\n<p><a href=\"https:\/\/nrw.svw.info\/ergebnisse\/show\/2015\/1403\/\">Tabelle<\/a> \u00b7 <a href=\"https:\/\/nrw.svw.info\/ergebnisse\/show\/2015\/1403\/runde\/7\/\">Ergebnisse<\/a> \u00b7 <a href=\"https:\/\/nrw.svw.info\/ergebnisse\/show\/2015\/1403\/topscorer\/\">Topscorer<\/a><\/p>\n<p>&nbsp;<\/p>\n\n\t\t<style>\n\t\t\t#gallery-1 {\n\t\t\t\tmargin: auto;\n\t\t\t}\n\t\t\t#gallery-1 .gallery-item {\n\t\t\t\tfloat: left;\n\t\t\t\tmargin-top: 10px;\n\t\t\t\ttext-align: center;\n\t\t\t\twidth: 33%;\n\t\t\t}\n\t\t\t#gallery-1 img {\n\t\t\t\tborder: 2px solid #cfcfcf;\n\t\t\t}\n\t\t\t#gallery-1 .gallery-caption {\n\t\t\t\tmargin-left: 0;\n\t\t\t}\n\t\t\t\/* see gallery_shortcode() in wp-includes\/media.php *\/\n\t\t<\/style>\n\t\t<div id='gallery-1' class='gallery galleryid-14985 gallery-columns-3 gallery-size-thumbnail'><dl class='gallery-item'>\n\t\t\t<dt class='gallery-icon landscape'>\n\t\t\t\t<a href='https:\/\/www.sv-zeppelin.de\/?attachment_id=14994'><img loading=\"lazy\" decoding=\"async\" width=\"150\" height=\"150\" src=\"https:\/\/www.sv-zeppelin.de\/wp-content\/uploads\/2016\/05\/IMG_7909-150x150.jpg\" class=\"attachment-thumbnail size-thumbnail no-lazy\" alt=\"\" aria-describedby=\"gallery-1-14994\" \/><\/a>\n\t\t\t<\/dt>\n\t\t\t\t<dd class='wp-caption-text gallery-caption' id='gallery-1-14994'>\n\t\t\t\tEnrico Berner gegen Achim Raasch\n\t\t\t\t<\/dd><\/dl><dl class='gallery-item'>\n\t\t\t<dt class='gallery-icon landscape'>\n\t\t\t\t<a href='https:\/\/www.sv-zeppelin.de\/?attachment_id=14993'><img loading=\"lazy\" decoding=\"async\" width=\"150\" height=\"150\" src=\"https:\/\/www.sv-zeppelin.de\/wp-content\/uploads\/2016\/05\/IMG_7908-150x150.jpg\" class=\"attachment-thumbnail size-thumbnail no-lazy\" alt=\"\" aria-describedby=\"gallery-1-14993\" \/><\/a>\n\t\t\t<\/dt>\n\t\t\t\t<dd class='wp-caption-text gallery-caption' id='gallery-1-14993'>\n\t\t\t\tMichael Bott\n\t\t\t\t<\/dd><\/dl><dl class='gallery-item'>\n\t\t\t<dt class='gallery-icon landscape'>\n\t\t\t\t<a href='https:\/\/www.sv-zeppelin.de\/?attachment_id=14991'><img loading=\"lazy\" decoding=\"async\" width=\"150\" height=\"150\" src=\"https:\/\/www.sv-zeppelin.de\/wp-content\/uploads\/2016\/05\/IMG_7906-150x150.jpg\" class=\"attachment-thumbnail size-thumbnail no-lazy\" alt=\"\" aria-describedby=\"gallery-1-14991\" \/><\/a>\n\t\t\t<\/dt>\n\t\t\t\t<dd class='wp-caption-text gallery-caption' id='gallery-1-14991'>\n\t\t\t\tAxel Obdenbusch gegen J\u00fcrgen Balcerzak\n\t\t\t\t<\/dd><\/dl><br style=\"clear: both\" \/><dl class='gallery-item'>\n\t\t\t<dt class='gallery-icon landscape'>\n\t\t\t\t<a href='https:\/\/www.sv-zeppelin.de\/?attachment_id=14990'><img loading=\"lazy\" decoding=\"async\" width=\"150\" height=\"150\" src=\"https:\/\/www.sv-zeppelin.de\/wp-content\/uploads\/2016\/05\/IMG_7905-150x150.jpg\" class=\"attachment-thumbnail size-thumbnail no-lazy\" alt=\"\" aria-describedby=\"gallery-1-14990\" \/><\/a>\n\t\t\t<\/dt>\n\t\t\t\t<dd class='wp-caption-text gallery-caption' id='gallery-1-14990'>\n\t\t\t\tHelmut Dirks gegen Niklas T\u00f6tsch\n\t\t\t\t<\/dd><\/dl><dl class='gallery-item'>\n\t\t\t<dt class='gallery-icon landscape'>\n\t\t\t\t<a href='https:\/\/www.sv-zeppelin.de\/?attachment_id=14989'><img loading=\"lazy\" decoding=\"async\" width=\"150\" height=\"150\" src=\"https:\/\/www.sv-zeppelin.de\/wp-content\/uploads\/2016\/05\/IMG_7904-150x150.jpg\" class=\"attachment-thumbnail size-thumbnail no-lazy\" alt=\"\" aria-describedby=\"gallery-1-14989\" \/><\/a>\n\t\t\t<\/dt>\n\t\t\t\t<dd class='wp-caption-text gallery-caption' id='gallery-1-14989'>\n\t\t\t\tJoachim Langer gegen J\u00fcrgen Rochol\n\t\t\t\t<\/dd><\/dl>\n\t\t\t<br style='clear: both' \/>\n\t\t<\/div>\n\n<p><a href=\"https:\/\/nrw.svw.info\/ergebnisse\/show\/2015\/1403\/topscorer\/\">\u00a0<\/a><\/p>\n<p>&nbsp;<\/p>\n<p>&nbsp;<\/p>\n<p>&nbsp;<\/p>\n","protected":false},"excerpt":{"rendered":"<p>Letzter Spieltag f\u00fcr Zeppelins Kreisligateam &nbsp; Am letzten Spieltag der 2. Kreisliga waren wir am 1. Maifeiertag bei der\u00a04. Mannschaft der SG Drewer in Marl zu Gast. Bei strahlend sch\u00f6nem Sonnenschein konnte sich eigentlich&#46;&#46;&#46;<\/p>\n","protected":false},"author":7,"featured_media":13630,"comment_status":"open","ping_status":"open","sticky":false,"template":"","format":"standard","meta":{"footnotes":""},"categories":[8],"tags":[],"class_list":["post-14985","post","type-post","status-publish","format-standard","has-post-thumbnail","hentry","category-2mannschaft"],"_links":{"self":[{"href":"https:\/\/www.sv-zeppelin.de\/index.php?rest_route=\/wp\/v2\/posts\/14985","targetHints":{"allow":["GET"]}}],"collection":[{"href":"https:\/\/www.sv-zeppelin.de\/index.php?rest_route=\/wp\/v2\/posts"}],"about":[{"href":"https:\/\/www.sv-zeppelin.de\/index.php?rest_route=\/wp\/v2\/types\/post"}],"author":[{"embeddable":true,"href":"https:\/\/www.sv-zeppelin.de\/index.php?rest_route=\/wp\/v2\/users\/7"}],"replies":[{"embeddable":true,"href":"https:\/\/www.sv-zeppelin.de\/index.php?rest_route=%2Fwp%2Fv2%2Fcomments&post=14985"}],"version-history":[{"count":0,"href":"https:\/\/www.sv-zeppelin.de\/index.php?rest_route=\/wp\/v2\/posts\/14985\/revisions"}],"wp:featuredmedia":[{"embeddable":true,"href":"https:\/\/www.sv-zeppelin.de\/index.php?rest_route=\/wp\/v2\/media\/13630"}],"wp:attachment":[{"href":"https:\/\/www.sv-zeppelin.de\/index.php?rest_route=%2Fwp%2Fv2%2Fmedia&parent=14985"}],"wp:term":[{"taxonomy":"category","embeddable":true,"href":"https:\/\/www.sv-zeppelin.de\/index.php?rest_route=%2Fwp%2Fv2%2Fcategories&post=14985"},{"taxonomy":"post_tag","embeddable":true,"href":"https:\/\/www.sv-zeppelin.de\/index.php?rest_route=%2Fwp%2Fv2%2Ftags&post=14985"}],"curies":[{"name":"wp","href":"https:\/\/api.w.org\/{rel}","templated":true}]}}