{"id":14950,"date":"2016-04-17T22:54:07","date_gmt":"2016-04-17T20:54:07","guid":{"rendered":"http:\/\/www.sv-zeppelin.de\/?p=14950"},"modified":"2019-07-21T13:18:36","modified_gmt":"2019-07-21T11:18:36","slug":"zeppelins-zweite-haelt-die-klasse","status":"publish","type":"post","link":"https:\/\/www.sv-zeppelin.de\/?p=14950","title":{"rendered":"Zeppelins Zweite h\u00e4lt die Klasse!"},"content":{"rendered":"<p>&nbsp;<\/p>\n<p><strong>Z\u00e4h erk\u00e4mpft. Aber da geht noch was&#8230;<\/strong><\/p>\n<div id=\"attachment_14952\" style=\"width: 310px\" class=\"wp-caption alignleft\"><a href=\"http:\/\/www.sv-zeppelin.de\/wp-content\/uploads\/2016\/04\/UF6_IMG_7898.jpg\"><img loading=\"lazy\" decoding=\"async\" aria-describedby=\"caption-attachment-14952\" class=\"wp-image-14952 size-medium\" src=\"http:\/\/www.sv-zeppelin.de\/wp-content\/uploads\/2016\/04\/UF6_IMG_7898-300x225.jpg\" alt=\"UF6_IMG_7898\" width=\"300\" height=\"225\" srcset=\"https:\/\/www.sv-zeppelin.de\/wp-content\/uploads\/2016\/04\/UF6_IMG_7898-300x225.jpg 300w, https:\/\/www.sv-zeppelin.de\/wp-content\/uploads\/2016\/04\/UF6_IMG_7898-768x576.jpg 768w, https:\/\/www.sv-zeppelin.de\/wp-content\/uploads\/2016\/04\/UF6_IMG_7898.jpg 800w\" sizes=\"auto, (max-width: 300px) 100vw, 300px\" \/><\/a><p id=\"caption-attachment-14952\" class=\"wp-caption-text\">J\u00fcrgen und J\u00fcrgen in der Startphase<\/p><\/div>\n<p style=\"text-align: justify;\">Zum letzten Heimspiel in dieser Saison hatte Zeppelins Kreisligateam die 6. Mannschaft\u00a0vom SV Unser Fritz-Wanne-Eickel bei sich zu Gast.\u00a0Beide Teams gingen ersatzgeschw\u00e4cht\u00a0an den Start.\u00a0Da eine halbe Stunde nach der Bretterfreigabe immer noch Zeppelins vierter Mann \u00a0fehlte, lag man gleich mal wieder mit 0:1 zur\u00fcck. Tolle Wurst! So konnte das ja nichts mit dem Klassenerhalt\u00a0werden . Eilig schien man es auch am\u00a0Brett 2 zu haben. Hier remisierten\u00a0Oliver Gilsk und Janina Weber bereits nach 30 Minuten. Immerhin ein halber Z\u00e4hler. Alle anderen hielten dann in bed\u00e4chtiger Stille mitunter sehr lange aus. Als N\u00e4chste kamen nach knapp 3 Stunden Spielzeit J\u00fcrgen Balcerzak und Ingo Engelmann zum Abschluss. Der Zeppeliner hatte seinen Gegener durch einen fr\u00fchen Qualit\u00e4tsgewinn zwar fest im Griff, tat sich dann aber mit dem Abschluss ein wenig schwer, weshalb der verdiente Sieg ein wenig auf sich warten lie\u00df. Ausgleich!\u00a0\u00c4hnlich m\u00fchsam erk\u00e4mpfte sich auch Ersatzmann J\u00fcrgen Rochol gegen die junge Laura Koch seinen Sieg. Da er ein fr\u00fches einz\u00fcgiges\u00a0Matt \u00fcbersah, dauerte seine Partie bis in die vierte Stunde. Nun lag Zeppelin aber mit 2,5:1,5 vorn. Das n\u00e4chste Resultat kam dann von den beiden Mannschaftsf\u00fchrern an Brett 3 erst weit nach der ersten Zeitkontrolle zustande. Hier hatten sich Achim Raasch und Luca Zeleny ein spannendes Match geliefert. Nachdem der Gegner bei dem &#8222;Sizilianer&#8220;\u00a0mit ein paar beachtlichen Spielz\u00fcgen \u00a0beeindrucken konnte, gewann Achim Raasch erst nach 2 h Spielzeit die Oberhand. Aber auch hier dauerte es ewig bis der &#8222;Sack zugemacht&#8220; werden konnte. So\u00a0stand nun schon mal\u00a0der Mannschaftssieg zu buche. Spitzenbrettspieler Michael Bott konnte also gegen Yannik Kraft seine Partie gelassen weiterspielen und versuchte sein Gl\u00fcck. Mit 2 Plusbauern in weit vorger\u00fcckter Stellung, sah das Endspiel auch gar nicht so schlecht aus. Aber nach \u00fcber 5 Stunden einigte man sich doch noch auf ein Remis zu einem super 4:2 Endergebnis.<br \/>\nDamit ist nun der Klassenerhalt geschafft. Es besteht sogar eine (nicht ganz ernst gemeinte) minimale theoretische Chance zum Aufstieg, weshalb wir im letzten Spiel gegen Drewer nochmal alles geben sollten.<br \/>\n<!--more--><\/p>\n<p><strong>Partieabspiele:<\/strong><\/p>\n<p>&nbsp;<\/p>\n<p>Brett 1: <a href=\"http:\/\/www.viewchess.com\/cbreader\/2016\/4\/21\/Game2166370.html\">Bott -Kraft<\/a>\u00a0\u00a0\u00a0\u00a0\u00a0\u00a0\u00a0\u00a0\u00a0\u00a0\u00a0\u00a0\u00a0\u00a0\u00a0\u00a0\u00a0 1\/2 : 1\/2<\/p>\n<p>Brett 2: Gisk &#8211; Weber\u00a0\u00a0\u00a0\u00a0\u00a0\u00a0\u00a0\u00a0\u00a0\u00a0\u00a0\u00a0 \u00a0 1\/2 : 1\/2<\/p>\n<p>Brett 3: <a href=\"http:\/\/www.viewchess.com\/cbreader\/2016\/4\/21\/Game11719575.html\">Raasch -Zeleny<\/a>\u00a0\u00a0\u00a0\u00a0\u00a0\u00a0\u00a0\u00a0\u00a0\u00a0\u00a0\u00a0\u00a0\u00a0 1 : 0<\/p>\n<p>Brett 4:\u00a0\u00a0\u00a0\u00a0\u00a0\u00a0\u00a0\u00a0\u00a0\u00a0\u00a0\u00a0\u00a0\u00a0\u00a0\u00a0\u00a0\u00a0\u00a0\u00a0\u00a0\u00a0\u00a0\u00a0\u00a0\u00a0\u00a0\u00a0\u00a0\u00a0\u00a0 \u00a0 \u00a0\u00a0 &#8211; : +<\/p>\n<p>Brett 5: <a href=\"http:\/\/www.viewchess.com\/cbreader\/2016\/4\/21\/Game8492101.html\">Balcerzak &#8211; Engelmann<\/a> \u00a0\u00a0 1 : 0<\/p>\n<p>Brett 6: <a href=\"http:\/\/www.viewchess.com\/cbreader\/2016\/4\/21\/Game10335690.html\">Rochol &#8211; Koch<\/a>\u00a0\u00a0\u00a0\u00a0\u00a0\u00a0\u00a0\u00a0\u00a0\u00a0\u00a0\u00a0\u00a0\u00a0\u00a0 1 : 0<\/p>\n<p>&nbsp;<\/p>\n<p><a href=\"https:\/\/nrw.svw.info\/ergebnisse\/show\/2015\/1403\/\">Tabelle<\/a> \u00b7 <a href=\"https:\/\/nrw.svw.info\/ergebnisse\/show\/2015\/1403\/runde\/6\/\">Ergebnisse<\/a> \u00b7 <a href=\"https:\/\/nrw.svw.info\/ergebnisse\/show\/2015\/1403\/topscorer\/\">Topscorer<\/a><\/p>\n<p><!--more--><\/p>\n\n\t\t<style>\n\t\t\t#gallery-1 {\n\t\t\t\tmargin: auto;\n\t\t\t}\n\t\t\t#gallery-1 .gallery-item {\n\t\t\t\tfloat: left;\n\t\t\t\tmargin-top: 10px;\n\t\t\t\ttext-align: center;\n\t\t\t\twidth: 33%;\n\t\t\t}\n\t\t\t#gallery-1 img {\n\t\t\t\tborder: 2px solid #cfcfcf;\n\t\t\t}\n\t\t\t#gallery-1 .gallery-caption {\n\t\t\t\tmargin-left: 0;\n\t\t\t}\n\t\t\t\/* see gallery_shortcode() in wp-includes\/media.php *\/\n\t\t<\/style>\n\t\t<div id='gallery-1' class='gallery galleryid-14950 gallery-columns-3 gallery-size-medium'><dl class='gallery-item'>\n\t\t\t<dt class='gallery-icon landscape'>\n\t\t\t\t<a href='https:\/\/www.sv-zeppelin.de\/?attachment_id=14951'><img loading=\"lazy\" decoding=\"async\" width=\"300\" height=\"225\" src=\"https:\/\/www.sv-zeppelin.de\/wp-content\/uploads\/2016\/04\/UF6_IMG_7897-300x225.jpg\" class=\"attachment-medium size-medium no-lazy\" alt=\"\" aria-describedby=\"gallery-1-14951\" srcset=\"https:\/\/www.sv-zeppelin.de\/wp-content\/uploads\/2016\/04\/UF6_IMG_7897-300x225.jpg 300w, https:\/\/www.sv-zeppelin.de\/wp-content\/uploads\/2016\/04\/UF6_IMG_7897-768x576.jpg 768w, https:\/\/www.sv-zeppelin.de\/wp-content\/uploads\/2016\/04\/UF6_IMG_7897.jpg 800w\" sizes=\"auto, (max-width: 300px) 100vw, 300px\" \/><\/a>\n\t\t\t<\/dt>\n\t\t\t\t<dd class='wp-caption-text gallery-caption' id='gallery-1-14951'>\n\t\t\t\tYannik Kraft &#8211; Michael Bott\n\t\t\t\t<\/dd><\/dl><dl class='gallery-item'>\n\t\t\t<dt class='gallery-icon landscape'>\n\t\t\t\t<a href='https:\/\/www.sv-zeppelin.de\/?attachment_id=14955'><img loading=\"lazy\" decoding=\"async\" width=\"300\" height=\"225\" src=\"https:\/\/www.sv-zeppelin.de\/wp-content\/uploads\/2016\/04\/UF6_IMG_7901-300x225.jpg\" class=\"attachment-medium size-medium no-lazy\" alt=\"\" aria-describedby=\"gallery-1-14955\" srcset=\"https:\/\/www.sv-zeppelin.de\/wp-content\/uploads\/2016\/04\/UF6_IMG_7901-300x225.jpg 300w, https:\/\/www.sv-zeppelin.de\/wp-content\/uploads\/2016\/04\/UF6_IMG_7901-768x576.jpg 768w, https:\/\/www.sv-zeppelin.de\/wp-content\/uploads\/2016\/04\/UF6_IMG_7901.jpg 800w\" sizes=\"auto, (max-width: 300px) 100vw, 300px\" \/><\/a>\n\t\t\t<\/dt>\n\t\t\t\t<dd class='wp-caption-text gallery-caption' id='gallery-1-14955'>\n\t\t\t\tOliver Gisk &#8211; Janina Weber\n\t\t\t\t<\/dd><\/dl><dl class='gallery-item'>\n\t\t\t<dt class='gallery-icon landscape'>\n\t\t\t\t<a href='https:\/\/www.sv-zeppelin.de\/?attachment_id=14954'><img loading=\"lazy\" decoding=\"async\" width=\"300\" height=\"225\" src=\"https:\/\/www.sv-zeppelin.de\/wp-content\/uploads\/2016\/04\/UF6_IMG_7900-300x225.jpg\" class=\"attachment-medium size-medium no-lazy\" alt=\"\" aria-describedby=\"gallery-1-14954\" srcset=\"https:\/\/www.sv-zeppelin.de\/wp-content\/uploads\/2016\/04\/UF6_IMG_7900-300x225.jpg 300w, https:\/\/www.sv-zeppelin.de\/wp-content\/uploads\/2016\/04\/UF6_IMG_7900-768x576.jpg 768w, https:\/\/www.sv-zeppelin.de\/wp-content\/uploads\/2016\/04\/UF6_IMG_7900.jpg 800w\" sizes=\"auto, (max-width: 300px) 100vw, 300px\" \/><\/a>\n\t\t\t<\/dt>\n\t\t\t\t<dd class='wp-caption-text gallery-caption' id='gallery-1-14954'>\n\t\t\t\tAchim Raasch &#8211; Luca Zeleny\n\t\t\t\t<\/dd><\/dl><br style=\"clear: both\" \/><dl class='gallery-item'>\n\t\t\t<dt class='gallery-icon landscape'>\n\t\t\t\t<a href='https:\/\/www.sv-zeppelin.de\/?attachment_id=14953'><img loading=\"lazy\" decoding=\"async\" width=\"300\" height=\"225\" src=\"https:\/\/www.sv-zeppelin.de\/wp-content\/uploads\/2016\/04\/UF6_IMG_7899-300x225.jpg\" class=\"attachment-medium size-medium no-lazy\" alt=\"\" aria-describedby=\"gallery-1-14953\" srcset=\"https:\/\/www.sv-zeppelin.de\/wp-content\/uploads\/2016\/04\/UF6_IMG_7899-300x225.jpg 300w, https:\/\/www.sv-zeppelin.de\/wp-content\/uploads\/2016\/04\/UF6_IMG_7899-768x576.jpg 768w, https:\/\/www.sv-zeppelin.de\/wp-content\/uploads\/2016\/04\/UF6_IMG_7899.jpg 800w\" sizes=\"auto, (max-width: 300px) 100vw, 300px\" \/><\/a>\n\t\t\t<\/dt>\n\t\t\t\t<dd class='wp-caption-text gallery-caption' id='gallery-1-14953'>\n\t\t\t\tIngo Engelmann &#8211; J\u00fcrgen Balcerzak\n\t\t\t\t<\/dd><\/dl><dl class='gallery-item'>\n\t\t\t<dt class='gallery-icon landscape'>\n\t\t\t\t<a href='https:\/\/www.sv-zeppelin.de\/?attachment_id=14952'><img loading=\"lazy\" decoding=\"async\" width=\"300\" height=\"225\" src=\"https:\/\/www.sv-zeppelin.de\/wp-content\/uploads\/2016\/04\/UF6_IMG_7898-300x225.jpg\" class=\"attachment-medium size-medium no-lazy\" alt=\"\" aria-describedby=\"gallery-1-14952\" srcset=\"https:\/\/www.sv-zeppelin.de\/wp-content\/uploads\/2016\/04\/UF6_IMG_7898-300x225.jpg 300w, https:\/\/www.sv-zeppelin.de\/wp-content\/uploads\/2016\/04\/UF6_IMG_7898-768x576.jpg 768w, https:\/\/www.sv-zeppelin.de\/wp-content\/uploads\/2016\/04\/UF6_IMG_7898.jpg 800w\" sizes=\"auto, (max-width: 300px) 100vw, 300px\" \/><\/a>\n\t\t\t<\/dt>\n\t\t\t\t<dd class='wp-caption-text gallery-caption' id='gallery-1-14952'>\n\t\t\t\tJ\u00fcrgen Rocholl &#8211; Laura Koch\n\t\t\t\t<\/dd><\/dl>\n\t\t\t<br style='clear: both' \/>\n\t\t<\/div>\n\n","protected":false},"excerpt":{"rendered":"<p>&nbsp; Z\u00e4h erk\u00e4mpft. Aber da geht noch was&#8230; Zum letzten Heimspiel in dieser Saison hatte Zeppelins Kreisligateam die 6. Mannschaft\u00a0vom SV Unser Fritz-Wanne-Eickel bei sich zu Gast.\u00a0Beide Teams gingen ersatzgeschw\u00e4cht\u00a0an den Start.\u00a0Da eine halbe&#46;&#46;&#46;<\/p>\n","protected":false},"author":7,"featured_media":14758,"comment_status":"open","ping_status":"open","sticky":false,"template":"","format":"standard","meta":{"footnotes":""},"categories":[8],"tags":[],"class_list":["post-14950","post","type-post","status-publish","format-standard","has-post-thumbnail","hentry","category-2mannschaft"],"_links":{"self":[{"href":"https:\/\/www.sv-zeppelin.de\/index.php?rest_route=\/wp\/v2\/posts\/14950","targetHints":{"allow":["GET"]}}],"collection":[{"href":"https:\/\/www.sv-zeppelin.de\/index.php?rest_route=\/wp\/v2\/posts"}],"about":[{"href":"https:\/\/www.sv-zeppelin.de\/index.php?rest_route=\/wp\/v2\/types\/post"}],"author":[{"embeddable":true,"href":"https:\/\/www.sv-zeppelin.de\/index.php?rest_route=\/wp\/v2\/users\/7"}],"replies":[{"embeddable":true,"href":"https:\/\/www.sv-zeppelin.de\/index.php?rest_route=%2Fwp%2Fv2%2Fcomments&post=14950"}],"version-history":[{"count":0,"href":"https:\/\/www.sv-zeppelin.de\/index.php?rest_route=\/wp\/v2\/posts\/14950\/revisions"}],"wp:featuredmedia":[{"embeddable":true,"href":"https:\/\/www.sv-zeppelin.de\/index.php?rest_route=\/wp\/v2\/media\/14758"}],"wp:attachment":[{"href":"https:\/\/www.sv-zeppelin.de\/index.php?rest_route=%2Fwp%2Fv2%2Fmedia&parent=14950"}],"wp:term":[{"taxonomy":"category","embeddable":true,"href":"https:\/\/www.sv-zeppelin.de\/index.php?rest_route=%2Fwp%2Fv2%2Fcategories&post=14950"},{"taxonomy":"post_tag","embeddable":true,"href":"https:\/\/www.sv-zeppelin.de\/index.php?rest_route=%2Fwp%2Fv2%2Ftags&post=14950"}],"curies":[{"name":"wp","href":"https:\/\/api.w.org\/{rel}","templated":true}]}}