{"id":13263,"date":"2014-08-26T17:46:56","date_gmt":"2014-08-26T15:46:56","guid":{"rendered":"http:\/\/www.sv-constantin-herne.de\/?p=13263"},"modified":"2021-12-30T14:31:56","modified_gmt":"2021-12-30T12:31:56","slug":"vm-2014-4-runde","status":"publish","type":"post","link":"https:\/\/www.sv-zeppelin.de\/?p=13263","title":{"rendered":"VM 2014 &#8211; 4. Runde"},"content":{"rendered":"<p><a href=\"https:\/\/www.sv-zeppelin.de\/wp-content\/uploads\/2014\/08\/ka.jpg\"><img loading=\"lazy\" decoding=\"async\" class=\"alignleft size-medium wp-image-29053\" src=\"https:\/\/www.sv-zeppelin.de\/wp-content\/uploads\/2014\/08\/ka-300x225.jpg\" alt=\"\" width=\"300\" height=\"225\" srcset=\"https:\/\/www.sv-zeppelin.de\/wp-content\/uploads\/2014\/08\/ka-300x225.jpg 300w, https:\/\/www.sv-zeppelin.de\/wp-content\/uploads\/2014\/08\/ka-600x450.jpg 600w, https:\/\/www.sv-zeppelin.de\/wp-content\/uploads\/2014\/08\/ka-768x576.jpg 768w, https:\/\/www.sv-zeppelin.de\/wp-content\/uploads\/2014\/08\/ka-720x540.jpg 720w, https:\/\/www.sv-zeppelin.de\/wp-content\/uploads\/2014\/08\/ka-520x390.jpg 520w, https:\/\/www.sv-zeppelin.de\/wp-content\/uploads\/2014\/08\/ka-320x240.jpg 320w, https:\/\/www.sv-zeppelin.de\/wp-content\/uploads\/2014\/08\/ka.jpg 800w\" sizes=\"auto, (max-width: 300px) 100vw, 300px\" \/><\/a>Unsere Vereinsmeisterschaft 2014 steht unter keinem guten Stern. Erst musste unser &#8222;Vize&#8220; Ferdinand K\u00fchler krankheitsbedingt absagen. Im Verlauf des Wettbewerbs ereilte Tomas Krenz\u00a0das gleiche Schicksal. Bedingt durch diese Absagen und Terminengp\u00e4sse einiger Protagonisten und dadurch resultierende Remisabsprachen ergibt sich ein ziemlich schiefes Bild.<br \/>\nAch ja, es gibt auch einen Tabellenf\u00fchrer und der hei\u00dft verdienterma\u00dfen Rainer Kanacher.<br \/>\nAber wie hei\u00dft es so sch\u00f6n: The show must go on! Die Ergebnisse und neuen Paarungen der 5. Runde sind wie immer auf der Men\u00fcleiste unter VM 2014 einzusehen. Vorgesehen sind insgesamt 6 Runden.<\/p>\n","protected":false},"excerpt":{"rendered":"<p>Unsere Vereinsmeisterschaft 2014 steht unter keinem guten Stern. Erst musste unser &#8222;Vize&#8220; Ferdinand K\u00fchler krankheitsbedingt absagen. Im Verlauf des Wettbewerbs ereilte Tomas Krenz\u00a0das gleiche Schicksal. Bedingt durch diese Absagen und Terminengp\u00e4sse einiger Protagonisten und&#46;&#46;&#46;<\/p>\n","protected":false},"author":3,"featured_media":29053,"comment_status":"open","ping_status":"open","sticky":false,"template":"","format":"standard","meta":{"footnotes":""},"categories":[28],"tags":[],"class_list":["post-13263","post","type-post","status-publish","format-standard","has-post-thumbnail","hentry","category-vm"],"_links":{"self":[{"href":"https:\/\/www.sv-zeppelin.de\/index.php?rest_route=\/wp\/v2\/posts\/13263","targetHints":{"allow":["GET"]}}],"collection":[{"href":"https:\/\/www.sv-zeppelin.de\/index.php?rest_route=\/wp\/v2\/posts"}],"about":[{"href":"https:\/\/www.sv-zeppelin.de\/index.php?rest_route=\/wp\/v2\/types\/post"}],"author":[{"embeddable":true,"href":"https:\/\/www.sv-zeppelin.de\/index.php?rest_route=\/wp\/v2\/users\/3"}],"replies":[{"embeddable":true,"href":"https:\/\/www.sv-zeppelin.de\/index.php?rest_route=%2Fwp%2Fv2%2Fcomments&post=13263"}],"version-history":[{"count":0,"href":"https:\/\/www.sv-zeppelin.de\/index.php?rest_route=\/wp\/v2\/posts\/13263\/revisions"}],"wp:featuredmedia":[{"embeddable":true,"href":"https:\/\/www.sv-zeppelin.de\/index.php?rest_route=\/wp\/v2\/media\/29053"}],"wp:attachment":[{"href":"https:\/\/www.sv-zeppelin.de\/index.php?rest_route=%2Fwp%2Fv2%2Fmedia&parent=13263"}],"wp:term":[{"taxonomy":"category","embeddable":true,"href":"https:\/\/www.sv-zeppelin.de\/index.php?rest_route=%2Fwp%2Fv2%2Fcategories&post=13263"},{"taxonomy":"post_tag","embeddable":true,"href":"https:\/\/www.sv-zeppelin.de\/index.php?rest_route=%2Fwp%2Fv2%2Ftags&post=13263"}],"curies":[{"name":"wp","href":"https:\/\/api.w.org\/{rel}","templated":true}]}}