{"id":13095,"date":"2014-06-21T00:00:54","date_gmt":"2014-06-20T22:00:54","guid":{"rendered":"http:\/\/www.sv-constantin-herne.de\/?p=13095"},"modified":"2021-12-27T18:07:50","modified_gmt":"2021-12-27T16:07:50","slug":"herzlichen-glueckwunsch-zum-geburtstag-2","status":"publish","type":"post","link":"https:\/\/www.sv-zeppelin.de\/?p=13095","title":{"rendered":"Herzlichen Gl\u00fcckwunsch zum Geburtstag"},"content":{"rendered":"<p><strong>Eine Laudatio von MF Ferdinand K\u00fchler:<\/strong><br style=\"font-family: Verdana, Arial, Helvetica, sans-serif; font-size: 11px; background-color: #f4fbfd;\" \/><a href=\"https:\/\/www.sv-zeppelin.de\/wp-content\/uploads\/2020\/12\/balcerzak_2.jpg\"><img loading=\"lazy\" decoding=\"async\" class=\"alignleft size-full wp-image-23207\" src=\"https:\/\/www.sv-zeppelin.de\/wp-content\/uploads\/2020\/12\/balcerzak_2.jpg\" alt=\"\" width=\"300\" height=\"225\" \/><\/a>Heute ist ein bedeutungsvoller Tag f\u00fcr den SV Constantin-Herne : unser r\u00fchriger 1. Vorsitzende, J\u00fcrgen Balcerzak, feiert seinen 70. Geburtstag in bester k\u00f6rperlicher und geistiger Verfassung. So soll es bleiben, damit er wie bisher mit der ihm eigenen Energie,Tatkraft und ausgepr\u00e4gter <strong>Rhetorik<\/strong> die Geschicke unseres Vereins lenken kann. Nur wenigen Vereinsmitgliedern ist die besondere Ehre zuteil geworden mit einem kleinen Vers gew\u00fcrdigt zu werden. Lieber J\u00fcrgen, alle Vereinsmitglieder gratulieren Dir herzlich. Nimm unsere guten W\u00fcnsche mit in das neue Jahrzehnt.<\/p>\n<p>&nbsp;<\/p>\n<table border=\"1\" cellspacing=\"1\" cellpadding=\"1\">\n<tbody>\n<tr>\n<td>Schon wieder ist ein Jahrzehnt \u00a0 verronnen<\/p>\n<p>und das neue hat begonnen.<\/p>\n<p>Noch viele Jahre Sonnenschein<\/p>\n<p>m\u00f6gen Dir beschieden sein<\/p>\n<p>Und Jahre voller Schaffenskraft,<\/p>\n<p>bis die 100 dann geschafft<\/p>\n<p>Ein Fl\u00e4schchen Bier und gutes Essen,<\/p>\n<p>dann ist der Alltag schnell vergessen.<\/p>\n<p>Der Gl\u00fcckwunsch kommt von ganzem Herzen<\/p>\n<p>mit Frei Schach und siebzig Kerzen.<\/td>\n<\/tr>\n<\/tbody>\n<\/table>\n<p>&nbsp;<\/p>\n","protected":false},"excerpt":{"rendered":"<p>Eine Laudatio von MF Ferdinand K\u00fchler:Heute ist ein bedeutungsvoller Tag f\u00fcr den SV Constantin-Herne : unser r\u00fchriger 1. Vorsitzende, J\u00fcrgen Balcerzak, feiert seinen 70. Geburtstag in bester k\u00f6rperlicher und geistiger Verfassung. So soll es&#46;&#46;&#46;<\/p>\n","protected":false},"author":3,"featured_media":23207,"comment_status":"closed","ping_status":"closed","sticky":false,"template":"","format":"standard","meta":{"footnotes":""},"categories":[1],"tags":[],"class_list":["post-13095","post","type-post","status-publish","format-standard","has-post-thumbnail","hentry","category-allgemein"],"_links":{"self":[{"href":"https:\/\/www.sv-zeppelin.de\/index.php?rest_route=\/wp\/v2\/posts\/13095","targetHints":{"allow":["GET"]}}],"collection":[{"href":"https:\/\/www.sv-zeppelin.de\/index.php?rest_route=\/wp\/v2\/posts"}],"about":[{"href":"https:\/\/www.sv-zeppelin.de\/index.php?rest_route=\/wp\/v2\/types\/post"}],"author":[{"embeddable":true,"href":"https:\/\/www.sv-zeppelin.de\/index.php?rest_route=\/wp\/v2\/users\/3"}],"replies":[{"embeddable":true,"href":"https:\/\/www.sv-zeppelin.de\/index.php?rest_route=%2Fwp%2Fv2%2Fcomments&post=13095"}],"version-history":[{"count":0,"href":"https:\/\/www.sv-zeppelin.de\/index.php?rest_route=\/wp\/v2\/posts\/13095\/revisions"}],"wp:featuredmedia":[{"embeddable":true,"href":"https:\/\/www.sv-zeppelin.de\/index.php?rest_route=\/wp\/v2\/media\/23207"}],"wp:attachment":[{"href":"https:\/\/www.sv-zeppelin.de\/index.php?rest_route=%2Fwp%2Fv2%2Fmedia&parent=13095"}],"wp:term":[{"taxonomy":"category","embeddable":true,"href":"https:\/\/www.sv-zeppelin.de\/index.php?rest_route=%2Fwp%2Fv2%2Fcategories&post=13095"},{"taxonomy":"post_tag","embeddable":true,"href":"https:\/\/www.sv-zeppelin.de\/index.php?rest_route=%2Fwp%2Fv2%2Ftags&post=13095"}],"curies":[{"name":"wp","href":"https:\/\/api.w.org\/{rel}","templated":true}]}}