{"id":12919,"date":"2015-05-11T00:56:43","date_gmt":"2015-05-10T22:56:43","guid":{"rendered":"http:\/\/www.sv-constantin-herne.de\/?p=12919"},"modified":"2019-07-21T16:16:50","modified_gmt":"2019-07-21T14:16:50","slug":"herzlichen-glueckwunsch-zum-geburtstag","status":"publish","type":"post","link":"https:\/\/www.sv-zeppelin.de\/?p=12919","title":{"rendered":"Herzlichen Gl\u00fcckwunsch zum Geburtstag"},"content":{"rendered":"<div id=\"attachment_13719\" style=\"width: 222px\" class=\"wp-caption alignleft\"><a href=\"http:\/\/www.sv-constantin-herne.de\/wp-content\/uploads\/2015\/05\/jittenmeier_3.jpg\"><img loading=\"lazy\" decoding=\"async\" aria-describedby=\"caption-attachment-13719\" class=\" wp-image-13719\" src=\"http:\/\/www.sv-constantin-herne.de\/wp-content\/uploads\/2015\/05\/jittenmeier_3-225x300.jpg\" alt=\"Franz Jittenmeier\" width=\"212\" height=\"282\" \/><\/a><p id=\"caption-attachment-13719\" class=\"wp-caption-text\">Franz Jittenmeier<\/p><\/div>\n<p>Ein Gro\u00dfer des Schachsports wird heute 75. (sieht aber aus wie 74) <strong>Franz Jittenmeier<\/strong>, ein Herner Urgestein, feiert Geburtstag. Von seiner schweren Herzoperation vor 8 Jahren hat er sich mittlerweile gut erholt und ist heuer fit wie ein &#8222;Turnschuh&#8220;. Er spr\u00fcht vor Elan und Kreativit\u00e4t und schmiedet st\u00e4ndig neue Pl\u00e4ne.<\/p>\n<p>&nbsp;<\/p>\n<p>Alle seine Verdienste und Erfolge aufzuz\u00e4hlen, hie\u00dfe Eulen nach Athen tragen.\u00a0Nur einige seiner vielen Highlights seien hier aufgez\u00e4hlt: Ehemaliger Herner Stadtmeister, Bezirksmeister und D\u00e4hne-Pokalsieger, sowie Siege gegen hochkar\u00e4tige Gegner, \u00fcber Jahrzehnte Spitzenspieler und St\u00fctze der 1. Mannschaft des SK Herne-Sodingen. Al<a href=\"http:\/\/www.chess-international.de\/wp-content\/uploads\/2015\/05\/Jittenmeier75.pdf\" target=\"_blank\" rel=\"noopener noreferrer\"><img loading=\"lazy\" decoding=\"async\" class=\"alignright size-full wp-image-13785\" src=\"http:\/\/www.sv-constantin-herne.de\/wp-content\/uploads\/2015\/05\/billionphotos-1209956_128x128.png\" alt=\"billionphotos-1209956_128x128\" width=\"128\" height=\"128\" \/><\/a>s M\u00e4zen und G\u00f6nner hat er den SK Herne-Sodingen vor\u00fcbergehend in die 2. Bundesliga gef\u00fchrt. (kostete ihn nach eigenem Bekunden eine mittlere bis gro\u00dfe Eigentumswohnung) Sein Bekanntheitsgrad in der Schachszene ist nur noch mit der von Klaus Fischer im Fu\u00dfball zu vergleichen. Dessen Fallr\u00fcckzieher und das kunstvolle Angriffsschach von Franz sind zwar nur bedingt vergleichbar. Womit wir aber zwangsl\u00e4ufig bei seiner Affinit\u00e4t zu Schalke 04 w\u00e4ren. So etwas bekommt man im Ruhrgebiet mit der Muttermilch infiltriert. F\u00fcr einen Sieg seiner geliebten Schalker gegen Bayern M\u00fcnchen w\u00fcrde er sogar barfu\u00df ins Kloster Stiepel pilgern. Das wiederum k\u00f6nnen wir unserem Franz auch f\u00fcr die Zukunft nicht versprechen. Wunder gibt es leider \u00e4u\u00dferst selten. Aber in den Verlierer-Cup sollten sie wenigstens kommen!?<\/p>\n<p>&nbsp;<\/p>\n<p><!--more--><\/p>\n<p>F\u00fcr Franz stand Fairness immer an 1. Stelle! Sein \u00fcberaus kreatives Spiel sorgte stets f\u00fcr Aufsehen auch au\u00dferhalb der Herner Grenzen. Nicht zu vergessen seine professionell gestaltete Webseite, der Schach-Ticker, den er mit viel Hingabe und Leidenschaft bearbeitet. Als Autodidakt hat er sich die daf\u00fcr erforderlichen Computerkenntnisse selber beigebracht. Umso erstaunlicher, dass seine Homepage zur besten in Deutschland gew\u00e4hlt wurde.<br \/>\nDer SV Constantin Herne ist ihm zu besonderem Dank verpflichtet. Hat er doch unsere Webseite mit Leben gef\u00fcllt und ihr ein anspruchsvolles Gesicht gegeben. Einen eher unwissenden Webmaster hielt er mit viel Geduld bei Laune. Vor\u00fcbergehend hat er auch mit Erfolg f\u00fcr uns die &#8222;Puppen&#8220; gezogen. Leider musste er aus gesundheitlichen Gr\u00fcnden das &#8222;Handtuch&#8220; werfen.<\/p>\n<p>&nbsp;<\/p>\n<p>Seine schachlichen Aktivit\u00e4ten konzentrieren sich mittlerweile auf Partien im Internet. Das schadet weder seinem Herz noch seiner geistigen Beweglichkeit.<br \/>\nLieber Franz, es ist gut, wenn die verrinnende Zeit nicht als etwas erscheint, dass uns verbraucht und zerst\u00f6rt, sondern als etwas, das uns vollendet. Um diesem Ziel n\u00e4her zu kommen, hast Du bereits symbolisch den Schl\u00fcssel in der Hand, (siehe Foto) um die richtige T\u00fcr zur Vollendung aufzuschlie\u00dfen!<br \/>\nWir w\u00fcnschen Dir einen sch\u00f6nen Geburtstag und weiterhin viel Spa\u00df beim Schach!!<\/p>\n<p>Die Constantiner<\/p>\n","protected":false},"excerpt":{"rendered":"<p>Ein Gro\u00dfer des Schachsports wird heute 75. (sieht aber aus wie 74) Franz Jittenmeier, ein Herner Urgestein, feiert Geburtstag. Von seiner schweren Herzoperation vor 8 Jahren hat er sich mittlerweile gut erholt und ist&#46;&#46;&#46;<\/p>\n","protected":false},"author":3,"featured_media":18853,"comment_status":"open","ping_status":"open","sticky":false,"template":"","format":"standard","meta":{"footnotes":""},"categories":[1],"tags":[],"class_list":["post-12919","post","type-post","status-publish","format-standard","has-post-thumbnail","hentry","category-allgemein"],"_links":{"self":[{"href":"https:\/\/www.sv-zeppelin.de\/index.php?rest_route=\/wp\/v2\/posts\/12919","targetHints":{"allow":["GET"]}}],"collection":[{"href":"https:\/\/www.sv-zeppelin.de\/index.php?rest_route=\/wp\/v2\/posts"}],"about":[{"href":"https:\/\/www.sv-zeppelin.de\/index.php?rest_route=\/wp\/v2\/types\/post"}],"author":[{"embeddable":true,"href":"https:\/\/www.sv-zeppelin.de\/index.php?rest_route=\/wp\/v2\/users\/3"}],"replies":[{"embeddable":true,"href":"https:\/\/www.sv-zeppelin.de\/index.php?rest_route=%2Fwp%2Fv2%2Fcomments&post=12919"}],"version-history":[{"count":0,"href":"https:\/\/www.sv-zeppelin.de\/index.php?rest_route=\/wp\/v2\/posts\/12919\/revisions"}],"wp:featuredmedia":[{"embeddable":true,"href":"https:\/\/www.sv-zeppelin.de\/index.php?rest_route=\/wp\/v2\/media\/18853"}],"wp:attachment":[{"href":"https:\/\/www.sv-zeppelin.de\/index.php?rest_route=%2Fwp%2Fv2%2Fmedia&parent=12919"}],"wp:term":[{"taxonomy":"category","embeddable":true,"href":"https:\/\/www.sv-zeppelin.de\/index.php?rest_route=%2Fwp%2Fv2%2Fcategories&post=12919"},{"taxonomy":"post_tag","embeddable":true,"href":"https:\/\/www.sv-zeppelin.de\/index.php?rest_route=%2Fwp%2Fv2%2Ftags&post=12919"}],"curies":[{"name":"wp","href":"https:\/\/api.w.org\/{rel}","templated":true}]}}