{"id":10834,"date":"2012-11-25T20:34:13","date_gmt":"2012-11-25T18:34:13","guid":{"rendered":"http:\/\/www.sv-constantin-herne.de\/?p=10834"},"modified":"2021-12-30T14:58:10","modified_gmt":"2021-12-30T12:58:10","slug":"sc-re-altstadt-i-zu-stark","status":"publish","type":"post","link":"https:\/\/www.sv-zeppelin.de\/?p=10834","title":{"rendered":"SC RE-Altstadt I zu stark"},"content":{"rendered":"<p><strong>MF Ferdinand K\u00fchler berichtet:<br \/>\n<\/strong><a href=\"https:\/\/www.sv-zeppelin.de\/wp-content\/uploads\/2012\/11\/kj.jpg\"><img loading=\"lazy\" decoding=\"async\" class=\"alignleft size-medium wp-image-29077\" src=\"https:\/\/www.sv-zeppelin.de\/wp-content\/uploads\/2012\/11\/kj-300x225.jpg\" alt=\"\" width=\"300\" height=\"225\" srcset=\"https:\/\/www.sv-zeppelin.de\/wp-content\/uploads\/2012\/11\/kj-300x225.jpg 300w, https:\/\/www.sv-zeppelin.de\/wp-content\/uploads\/2012\/11\/kj-320x240.jpg 320w, https:\/\/www.sv-zeppelin.de\/wp-content\/uploads\/2012\/11\/kj.jpg 500w\" sizes=\"auto, (max-width: 300px) 100vw, 300px\" \/><\/a>Beide Mannschaften mussten wichtige Stammspieler ersetzen; wenngleich die Altst\u00e4dter in noch st\u00e4rkerem Ma\u00dfe betroffen waren. Neidvoll mussten wir registrieren,dass der Gegner in Anbetracht einer breiten Basis auch stark ersatzgeschw\u00e4cht eine Nummer zu gro\u00df f\u00fcr uns war.<a href=\"http:\/\/www.sv-constantin-herne.de\/h_10\" target=\"_blank\" rel=\"noopener\"><img loading=\"lazy\" decoding=\"async\" src=\"http:\/\/www.sv-constantin-herne.de\/wp-content\/uploads\/kamera(80).png\" alt=\"\" width=\"80\" height=\"80\" align=\"right\" hspace=\"3\" vspace=\"3\" \/><\/a><br \/>\nEs war uns kein Einzelsieg verg\u00f6nnt; 3 Niederlagen standen lediglich 5 Remis gegen\u00fcber. Andreas Przystaw verlor fr\u00fchzeitig seine Partie. In ausgeglichenen Stellungen remisierten Tomas Krenz und Bernd Thiel. Nach der Niederlage von Michael Schatte und dem Remis von Michael Ponto stand es 1 1\/2 &#8211; 3 1\/2. Aber es sah nicht gut f\u00fcr den Mannschaftskampf aus. Joachim Talarski hatte fr\u00fchzeitig einen Bauern f\u00fcr Angriff geopfert; sein Gegner verteidigte sich jedoch geschickt und der Mehr- und Freibauer entschied die Partie und damit auch den Mannschaftskampf. Heinz Behre und Ferdinand K\u00fchler wollten danach nicht mehr arbeiten und einigten sich auf Remis.<\/p>\n<div>In 14 Tagen gegen Haltern 2 kommt die entscheidende Bew\u00e4hrungsprobe. Dann zeigt sich, ob wir hoffnungsvoll in die Zukunft schauen k\u00f6nnen.<\/div>\n","protected":false},"excerpt":{"rendered":"<p>MF Ferdinand K\u00fchler berichtet: Beide Mannschaften mussten wichtige Stammspieler ersetzen; wenngleich die Altst\u00e4dter in noch st\u00e4rkerem Ma\u00dfe betroffen waren. Neidvoll mussten wir registrieren,dass der Gegner in Anbetracht einer breiten Basis auch stark ersatzgeschw\u00e4cht eine&#46;&#46;&#46;<\/p>\n","protected":false},"author":3,"featured_media":29077,"comment_status":"open","ping_status":"open","sticky":false,"template":"","format":"standard","meta":{"footnotes":""},"categories":[7],"tags":[],"class_list":["post-10834","post","type-post","status-publish","format-standard","has-post-thumbnail","hentry","category-1mannschaft"],"_links":{"self":[{"href":"https:\/\/www.sv-zeppelin.de\/index.php?rest_route=\/wp\/v2\/posts\/10834","targetHints":{"allow":["GET"]}}],"collection":[{"href":"https:\/\/www.sv-zeppelin.de\/index.php?rest_route=\/wp\/v2\/posts"}],"about":[{"href":"https:\/\/www.sv-zeppelin.de\/index.php?rest_route=\/wp\/v2\/types\/post"}],"author":[{"embeddable":true,"href":"https:\/\/www.sv-zeppelin.de\/index.php?rest_route=\/wp\/v2\/users\/3"}],"replies":[{"embeddable":true,"href":"https:\/\/www.sv-zeppelin.de\/index.php?rest_route=%2Fwp%2Fv2%2Fcomments&post=10834"}],"version-history":[{"count":0,"href":"https:\/\/www.sv-zeppelin.de\/index.php?rest_route=\/wp\/v2\/posts\/10834\/revisions"}],"wp:featuredmedia":[{"embeddable":true,"href":"https:\/\/www.sv-zeppelin.de\/index.php?rest_route=\/wp\/v2\/media\/29077"}],"wp:attachment":[{"href":"https:\/\/www.sv-zeppelin.de\/index.php?rest_route=%2Fwp%2Fv2%2Fmedia&parent=10834"}],"wp:term":[{"taxonomy":"category","embeddable":true,"href":"https:\/\/www.sv-zeppelin.de\/index.php?rest_route=%2Fwp%2Fv2%2Fcategories&post=10834"},{"taxonomy":"post_tag","embeddable":true,"href":"https:\/\/www.sv-zeppelin.de\/index.php?rest_route=%2Fwp%2Fv2%2Ftags&post=10834"}],"curies":[{"name":"wp","href":"https:\/\/api.w.org\/{rel}","templated":true}]}}